{"id":8436,"date":"2018-08-21T12:18:12","date_gmt":"2018-08-21T10:18:12","guid":{"rendered":"https:\/\/www.ibes.ch\/2018\/08\/21\/blutwerte-von-kuehen-beeinflusst\/"},"modified":"2023-08-11T10:07:26","modified_gmt":"2023-08-11T08:07:26","slug":"les-valeurs-sanguines-sont-influencees-par-les-vaches","status":"publish","type":"post","link":"https:\/\/www.ibes.ch\/fr\/blutwerte-von-kuehen-beeinflusst\/","title":{"rendered":"Valeurs sanguines des vaches influenc\u00e9es"},"content":{"rendered":"<style type=\"text\/css\" data-created_by=\"avia_inline_auto\" id=\"style-css-av-2cyy90-16a83a5f53e293a5d50c4e0b841d923d\">\n#top .av-special-heading.av-2cyy90-16a83a5f53e293a5d50c4e0b841d923d{\npadding-bottom:19px;\n}\nbody .av-special-heading.av-2cyy90-16a83a5f53e293a5d50c4e0b841d923d .av-special-heading-tag .heading-char{\nfont-size:25px;\n}\n.av-special-heading.av-2cyy90-16a83a5f53e293a5d50c4e0b841d923d .av-subheading{\nfont-size:20px;\n}\n<\/style>\n<div  class='av-special-heading av-2cyy90-16a83a5f53e293a5d50c4e0b841d923d av-special-heading-h1 blockquote modern-quote modern-centered  avia-builder-el-0  el_before_av_hr  avia-builder-el-first'><h1 class='av-special-heading-tag'  itemprop=\"headline\"  >Rayonnement des t\u00e9l\u00e9phones portables : les taux sanguins des vaches sont affect\u00e9s<\/h1><div class='av-subheading av-subheading_below'><p>Les vaches souffrent de l'\u00e9lectrosmog<\/p>\n<\/div><div class=\"special-heading-border\"><div class=\"special-heading-inner-border\"><\/div><\/div><\/div>\n<div  class='hr av-aue7n2-e30d11672c1926c4b838dbe0728bd62f hr-short  avia-builder-el-1  el_after_av_heading  el_before_av_one_full  hr-center'><span class='hr-inner'><span class=\"hr-inner-style\"><\/span><\/span><\/div>\n\n<style type=\"text\/css\" data-created_by=\"avia_inline_auto\" id=\"style-css-av-6juc6q-c0aa6f872cd7ef98a1c7619388aba72a\">\n#top .flex_column.av-6juc6q-c0aa6f872cd7ef98a1c7619388aba72a{\nmargin-top:15px;\nmargin-bottom:0px;\n}\n.flex_column.av-6juc6q-c0aa6f872cd7ef98a1c7619388aba72a{\nborder-radius:0px 0px 0px 0px;\npadding:0px 0px 0px 0px;\n}\n.responsive #top #wrap_all .flex_column.av-6juc6q-c0aa6f872cd7ef98a1c7619388aba72a{\nmargin-top:15px;\nmargin-bottom:0px;\n}\n<\/style>\n<div  class='flex_column av-6juc6q-c0aa6f872cd7ef98a1c7619388aba72a av_one_full  avia-builder-el-2  el_after_av_hr  el_before_av_one_full  first flex_column_div av-zero-column-padding'     ><section  class='av_textblock_section av-jl24retw-a9c8ffe6c84e238529126511a8cc5444'   itemscope=\"itemscope\" itemtype=\"https:\/\/schema.org\/BlogPosting\" ><div class='avia_textblock'  itemprop=\"text\" ><p><strong>La question de savoir si les champs \u00e9lectromagn\u00e9tiques rendent les humains et les animaux malades est \u00e9tudi\u00e9e depuis des d\u00e9cennies. Une nouvelle \u00e9tude montre maintenant que les radiations des t\u00e9l\u00e9phones portables ont des effets sur l'organisme des vaches.<\/strong><\/p>\n<p>Michael H\u00e4ssig, v\u00e9t\u00e9rinaire \u00e0 l'h\u00f4pital pour animaux de l'universit\u00e9 de Zurich, a pu le prouver. Comme l'a appris le journal \"Schweiz am Sonntag\", le chercheur a expos\u00e9 dix vaches aux rayonnements des t\u00e9l\u00e9phones portables sur une longue p\u00e9riode, \u00e0 une intensit\u00e9 courante \u00e0 proximit\u00e9 des antennes de t\u00e9l\u00e9phonie mobile.<\/p>\n<p>Il a examin\u00e9 son sang avant, imm\u00e9diatement apr\u00e8s et un mois plus tard. Les r\u00e9sultats ont montr\u00e9 que l'irradiation a affect\u00e9 l'activit\u00e9 des enzymes qui r\u00e9gulent la valeur du pH dans le sang. \"Les valeurs sanguines ont chang\u00e9 de 10 % de la plage normale pendant l'irradiation\", explique H\u00e4ssig. Il n'est pas encore certain que les animaux tombent malades ou donnent moins de lait en cons\u00e9quence. Cependant, une valeur de pH dans la plage normale est pour tous <a href=\"\/fr\/?page_id=8308\">Processus m\u00e9taboliques<\/a> important.<\/p>\n<\/div><\/section><\/div>\n\n<style type=\"text\/css\" data-created_by=\"avia_inline_auto\" id=\"style-css-av-44yc5u-754e754788f8433233316abe272a9b40\">\n#top .flex_column.av-44yc5u-754e754788f8433233316abe272a9b40{\nmargin-top:30px;\nmargin-bottom:30px;\n}\n.flex_column.av-44yc5u-754e754788f8433233316abe272a9b40{\nborder-radius:0px 0px 0px 0px;\npadding:0px 0px 0px 0px;\n}\n.responsive #top #wrap_all .flex_column.av-44yc5u-754e754788f8433233316abe272a9b40{\nmargin-top:30px;\nmargin-bottom:30px;\n}\n<\/style>\n<div  class='flex_column av-44yc5u-754e754788f8433233316abe272a9b40 av_one_full  avia-builder-el-4  el_after_av_one_full  el_before_av_one_full  first flex_column_div av-zero-column-padding  column-top-margin'     ><p>\n<style type=\"text\/css\" data-created_by=\"avia_inline_auto\" id=\"style-css-av-jl24rzb3-2aa92df92d47cf30502c6b4f6a201955\">\n.avia-image-container.av-jl24rzb3-2aa92df92d47cf30502c6b4f6a201955 img.avia_image{\nbox-shadow:none;\n}\n.avia-image-container.av-jl24rzb3-2aa92df92d47cf30502c6b4f6a201955 .av-image-caption-overlay-center{\ncolor:#ffffff;\n}\n<\/style>\n<div  class='avia-image-container av-jl24rzb3-2aa92df92d47cf30502c6b4f6a201955 av-styling- av-img-linked avia-align-center  avia-builder-el-5  el_before_av_textblock  avia-builder-el-first'  ><div class=\"avia-image-container-inner\"><div class=\"avia-image-overlay-wrap\"><a href=\"https:\/\/www.ibes.ch\/wp-content\/uploads\/2018\/08\/kuehe-elektrosmog.jpg\" data-srcset=\"https:\/\/www.ibes.ch\/wp-content\/uploads\/2018\/08\/kuehe-elektrosmog.jpg 847w, https:\/\/www.ibes.ch\/wp-content\/uploads\/2018\/08\/kuehe-elektrosmog-600x402.jpg 600w, https:\/\/www.ibes.ch\/wp-content\/uploads\/2018\/08\/kuehe-elektrosmog-300x201.jpg 300w, https:\/\/www.ibes.ch\/wp-content\/uploads\/2018\/08\/kuehe-elektrosmog-768x514.jpg 768w, https:\/\/www.ibes.ch\/wp-content\/uploads\/2018\/08\/kuehe-elektrosmog-845x567.jpg 845w, https:\/\/www.ibes.ch\/wp-content\/uploads\/2018\/08\/kuehe-elektrosmog-705x472.jpg 705w\" data-sizes=\"(max-width: 847px) 100vw, 847px\" class='avia_image'  aria-label='Vache dans la prairie'><img decoding=\"async\" fetchpriority=\"high\" class='wp-image-5805 avia-img-lazy-loading-not-5805 avia_image' src=\"https:\/\/www.ibes.ch\/wp-content\/uploads\/2018\/08\/kuehe-elektrosmog.jpg\" alt='Les vaches souffrent de l&#039;\u00e9lectrosmog' title='Vache dans la prairie'  height=\"567\" width=\"847\"  itemprop=\"thumbnailUrl\" srcset=\"https:\/\/www.ibes.ch\/wp-content\/uploads\/2018\/08\/kuehe-elektrosmog.jpg 847w, https:\/\/www.ibes.ch\/wp-content\/uploads\/2018\/08\/kuehe-elektrosmog-600x402.jpg 600w, https:\/\/www.ibes.ch\/wp-content\/uploads\/2018\/08\/kuehe-elektrosmog-300x201.jpg 300w, https:\/\/www.ibes.ch\/wp-content\/uploads\/2018\/08\/kuehe-elektrosmog-768x514.jpg 768w, https:\/\/www.ibes.ch\/wp-content\/uploads\/2018\/08\/kuehe-elektrosmog-845x567.jpg 845w, https:\/\/www.ibes.ch\/wp-content\/uploads\/2018\/08\/kuehe-elektrosmog-705x472.jpg 705w\" sizes=\"(max-width: 847px) 100vw, 847px\" \/><\/a><\/div><\/div><\/div><br \/>\n<section  class='av_textblock_section av-jl24retw-a9c8ffe6c84e238529126511a8cc5444'   itemscope=\"itemscope\" itemtype=\"https:\/\/schema.org\/BlogPosting\" ><div class='avia_textblock'  itemprop=\"text\" ><p><em>Les radiations \u00e9lectromagn\u00e9tiques affectent le sang des vaches.<br \/>\n<\/em><\/p>\n<\/div><\/section><\/p><\/div>\n\n<style type=\"text\/css\" data-created_by=\"avia_inline_auto\" id=\"style-css-av-6juc6q-c0aa6f872cd7ef98a1c7619388aba72a\">\n#top .flex_column.av-6juc6q-c0aa6f872cd7ef98a1c7619388aba72a{\nmargin-top:15px;\nmargin-bottom:0px;\n}\n.flex_column.av-6juc6q-c0aa6f872cd7ef98a1c7619388aba72a{\nborder-radius:0px 0px 0px 0px;\npadding:0px 0px 0px 0px;\n}\n.responsive #top #wrap_all .flex_column.av-6juc6q-c0aa6f872cd7ef98a1c7619388aba72a{\nmargin-top:15px;\nmargin-bottom:0px;\n}\n<\/style>\n<div  class='flex_column av-6juc6q-c0aa6f872cd7ef98a1c7619388aba72a av_one_full  avia-builder-el-7  el_after_av_one_full  el_before_av_one_full  first flex_column_div av-zero-column-padding  column-top-margin'     ><section  class='av_textblock_section av-jl24retw-a9c8ffe6c84e238529126511a8cc5444'   itemscope=\"itemscope\" itemtype=\"https:\/\/schema.org\/BlogPosting\" ><div class='avia_textblock'  itemprop=\"text\" ><p>\u00c0 la question de savoir si ses r\u00e9sultats peuvent \u00e9galement \u00eatre utilis\u00e9s pour conclure que les humains sont en danger, H\u00e4ssig r\u00e9pond : \"En principe, oui\", dit-il. Cependant, les animaux de ferme sont plus mobiles que les animaux domestiques ou les humains et sont donc moins \u00e0 m\u00eame d'\u00e9viter les rayonnements.<\/p>\n<p>Pour Yvonne Gilli, conseill\u00e8re nationale des Verts et membre de l'Association des m\u00e9decins pour la protection de l'environnement, les r\u00e9sultats de la nouvelle \u00e9tude renforcent la preuve qu'il existe \u00e9galement un danger pour l'homme. Comme il n'y a manifestement pas d'effet placebo chez les vaches, ces r\u00e9sultats pourraient \u00e9galement \u00e9tayer les r\u00e9sultats de la recherche en m\u00e9decine humaine, d\u00e9clare M. Gilli.<\/p>\n<p>En effet, des \u00e9tudes men\u00e9es sur l'homme montrent que l'\u00e9lectrosmog d\u00e9clenche des effets biologiques dans l'organisme humain - par exemple, des modifications des ondes c\u00e9r\u00e9brales ou une diminution de la qualit\u00e9 du sperme. Toutefois, les \u00e9tudes \u00e0 long terme font d\u00e9faut pour une \u00e9valuation concluante. \"Le d\u00e9veloppement rapide de <a href=\"\/fr\/?page_id=8290\">Technologie mobile<\/a> a une longueur d'avance sur la recherche\", d\u00e9clare M. Gilli.<\/p>\n<p><em>Source : Aargauer Zeitung, mai 2015<\/em><\/p>\n<\/div><\/section><\/div>\n\n<style type=\"text\/css\" data-created_by=\"avia_inline_auto\" id=\"style-css-av-6juc6q-8a428ad2124f3ec9c5ed1f056dffd9ff\">\n#top .flex_column.av-6juc6q-8a428ad2124f3ec9c5ed1f056dffd9ff{\nmargin-top:25px;\nmargin-bottom:0px;\n}\n.flex_column.av-6juc6q-8a428ad2124f3ec9c5ed1f056dffd9ff{\nborder-radius:0px 0px 0px 0px;\npadding:0px 0px 0px 0px;\n}\n.responsive #top #wrap_all .flex_column.av-6juc6q-8a428ad2124f3ec9c5ed1f056dffd9ff{\nmargin-top:25px;\nmargin-bottom:0px;\n}\n<\/style>\n<div  class='flex_column av-6juc6q-8a428ad2124f3ec9c5ed1f056dffd9ff av_one_full  avia-builder-el-9  el_after_av_one_full  avia-builder-el-last  first flex_column_div av-zero-column-padding  column-top-margin'     ><p><article  class='iconbox iconbox_top av-jl3oc3um-6eb075daf3cf10d9e75a68020254be6c  avia-builder-el-10  el_before_av_hr  avia-builder-el-first  main_color'  itemscope=\"itemscope\" itemtype=\"https:\/\/schema.org\/BlogPosting\" ><div class=\"iconbox_content\"><header class=\"entry-content-header\" aria-label=\"Ic\u00f4ne : indice\"><div class='iconbox_icon heading-color avia-iconfont avia-font-entypo-fontello' data-av_icon='\ue81f' data-av_iconfont='entypo-fontello'  ><\/div><h3 class='iconbox_content_title'  itemprop=\"headline\" >Note<\/h3><\/header><div class='iconbox_content_container'  itemprop=\"text\" ><p>L'Organisation mondiale de la sant\u00e9 (OMS) classe l'utilisation des t\u00e9l\u00e9phones mobiles comme potentiellement canc\u00e9rig\u00e8ne. Toutefois, l'OMS affirme que les antennes de t\u00e9l\u00e9phonie mobile ne pr\u00e9sentent aucun danger.<\/p>\n<\/div><\/div><footer class=\"entry-footer\"><\/footer><\/article><br \/>\n\n<style type=\"text\/css\" data-created_by=\"avia_inline_auto\" id=\"style-css-av-jl3odjtv-669a5646abd96ab0c3066f7ddfe9e033\">\n#top .hr.hr-invisible.av-jl3odjtv-669a5646abd96ab0c3066f7ddfe9e033{\nheight:20px;\n}\n<\/style>\n<div  class='hr av-jl3odjtv-669a5646abd96ab0c3066f7ddfe9e033 hr-invisible  avia-builder-el-11  el_after_av_icon_box  el_before_av_button'><span class='hr-inner'><span class=\"hr-inner-style\"><\/span><\/span><\/div><br \/>\n<div  class='avia-button-wrap av-jl3od82j-c27d2f68d39f5351318ba4bf5b840051-wrap avia-button-center  avia-builder-el-12  el_after_av_hr  avia-builder-el-last'><a href='https:\/\/www.ibes.ch\/fr\/messorte\/tiere-und-elektrosmog\/'  class='avia-button av-jl3od82j-c27d2f68d39f5351318ba4bf5b840051 av-link-btn avia-icon_select-yes-right-icon avia-size-large avia-position-center avia-color-theme-color'   aria-label=\"L&#039;\u00e9lectrosmog affaiblit les vaches, les chiens, les chats et les chevaux.\"><span class='avia_iconbox_title' >L'\u00e9lectrosmog affaiblit les vaches, les chiens, les chats et les chevaux.<\/span><span class='avia_button_icon avia_button_icon_right avia-iconfont avia-font-entypo-fontello' data-av_icon='\ue832' data-av_iconfont='entypo-fontello' ><\/span><\/a><\/div><\/p><\/div>","protected":false},"excerpt":{"rendered":"","protected":false},"author":3,"featured_media":8437,"comment_status":"closed","ping_status":"closed","sticky":false,"template":"","format":"standard","meta":{"_acf_changed":false,"footnotes":""},"categories":[58],"tags":[],"class_list":["post-8436","post","type-post","status-publish","format-standard","has-post-thumbnail","hentry","category-news"],"acf":[],"yoast_head":"<!-- This site is optimized with the Yoast SEO plugin v27.4 - https:\/\/yoast.com\/product\/yoast-seo-wordpress\/ -->\n<title>K\u00fche leiden unter Elektrosmog und Mobilfunkstrahlung<\/title>\n<meta name=\"description\" content=\"Ob elektromagnetische Felder Mensch und Tier krank machen, wird untersucht. Jetzt zeigt eine neue Studie, dass Handystrahlung den Organismus von K\u00fchen beeinflusst.\" \/>\n<meta name=\"robots\" content=\"index, follow, max-snippet:-1, max-image-preview:large, max-video-preview:-1\" \/>\n<link rel=\"canonical\" href=\"https:\/\/www.ibes.ch\/fr\/les-valeurs-sanguines-sont-influencees-par-les-vaches\/\" \/>\n<meta property=\"og:locale\" content=\"fr_FR\" \/>\n<meta property=\"og:type\" content=\"article\" \/>\n<meta property=\"og:title\" content=\"K\u00fche leiden unter Elektrosmog und Mobilfunkstrahlung\" \/>\n<meta property=\"og:description\" content=\"Ob elektromagnetische Felder Mensch und Tier krank machen, wird untersucht. Jetzt zeigt eine neue Studie, dass Handystrahlung den Organismus von K\u00fchen beeinflusst.\" \/>\n<meta property=\"og:url\" content=\"https:\/\/www.ibes.ch\/fr\/les-valeurs-sanguines-sont-influencees-par-les-vaches\/\" \/>\n<meta property=\"og:site_name\" content=\"IBES\" \/>\n<meta property=\"article:published_time\" content=\"2018-08-21T10:18:12+00:00\" \/>\n<meta property=\"article:modified_time\" content=\"2023-08-11T08:07:26+00:00\" \/>\n<meta property=\"og:image\" content=\"https:\/\/www.ibes.ch\/wp-content\/uploads\/2018\/08\/kuehe-elektrosmog.jpg\" \/>\n\t<meta property=\"og:image:width\" content=\"847\" \/>\n\t<meta property=\"og:image:height\" content=\"567\" \/>\n\t<meta property=\"og:image:type\" content=\"image\/jpeg\" \/>\n<meta name=\"author\" content=\"tgrether\" \/>\n<meta name=\"twitter:card\" content=\"summary_large_image\" \/>\n<meta name=\"twitter:label1\" content=\"\u00c9crit par\" \/>\n\t<meta name=\"twitter:data1\" content=\"tgrether\" \/>\n\t<meta name=\"twitter:label2\" content=\"Dur\u00e9e de lecture estim\u00e9e\" \/>\n\t<meta name=\"twitter:data2\" content=\"6 minutes\" \/>\n<script type=\"application\/ld+json\" class=\"yoast-schema-graph\">{\"@context\":\"https:\\\/\\\/schema.org\",\"@graph\":[{\"@type\":\"Article\",\"@id\":\"https:\\\/\\\/www.ibes.ch\\\/blutwerte-von-kuehen-beeinflusst\\\/#article\",\"isPartOf\":{\"@id\":\"https:\\\/\\\/www.ibes.ch\\\/blutwerte-von-kuehen-beeinflusst\\\/\"},\"author\":{\"name\":\"tgrether\",\"@id\":\"https:\\\/\\\/www.ibes.ch\\\/#\\\/schema\\\/person\\\/dcee37dd08059a9d95fc74ebcb19a905\"},\"headline\":\"Blutwerte von K\u00fchen beeinflusst\",\"datePublished\":\"2018-08-21T10:18:12+00:00\",\"dateModified\":\"2023-08-11T08:07:26+00:00\",\"mainEntityOfPage\":{\"@id\":\"https:\\\/\\\/www.ibes.ch\\\/blutwerte-von-kuehen-beeinflusst\\\/\"},\"wordCount\":1046,\"image\":{\"@id\":\"https:\\\/\\\/www.ibes.ch\\\/blutwerte-von-kuehen-beeinflusst\\\/#primaryimage\"},\"thumbnailUrl\":\"https:\\\/\\\/www.ibes.ch\\\/wp-content\\\/uploads\\\/2018\\\/08\\\/kuehe-elektrosmog.jpg\",\"articleSection\":[\"News\"],\"inLanguage\":\"fr-FR\"},{\"@type\":\"WebPage\",\"@id\":\"https:\\\/\\\/www.ibes.ch\\\/blutwerte-von-kuehen-beeinflusst\\\/\",\"url\":\"https:\\\/\\\/www.ibes.ch\\\/blutwerte-von-kuehen-beeinflusst\\\/\",\"name\":\"K\u00fche leiden unter Elektrosmog und Mobilfunkstrahlung\",\"isPartOf\":{\"@id\":\"https:\\\/\\\/www.ibes.ch\\\/#website\"},\"primaryImageOfPage\":{\"@id\":\"https:\\\/\\\/www.ibes.ch\\\/blutwerte-von-kuehen-beeinflusst\\\/#primaryimage\"},\"image\":{\"@id\":\"https:\\\/\\\/www.ibes.ch\\\/blutwerte-von-kuehen-beeinflusst\\\/#primaryimage\"},\"thumbnailUrl\":\"https:\\\/\\\/www.ibes.ch\\\/wp-content\\\/uploads\\\/2018\\\/08\\\/kuehe-elektrosmog.jpg\",\"datePublished\":\"2018-08-21T10:18:12+00:00\",\"dateModified\":\"2023-08-11T08:07:26+00:00\",\"author\":{\"@id\":\"https:\\\/\\\/www.ibes.ch\\\/#\\\/schema\\\/person\\\/dcee37dd08059a9d95fc74ebcb19a905\"},\"description\":\"Ob elektromagnetische Felder Mensch und Tier krank machen, wird untersucht. Jetzt zeigt eine neue Studie, dass Handystrahlung den Organismus von K\u00fchen beeinflusst.\",\"breadcrumb\":{\"@id\":\"https:\\\/\\\/www.ibes.ch\\\/blutwerte-von-kuehen-beeinflusst\\\/#breadcrumb\"},\"inLanguage\":\"fr-FR\",\"potentialAction\":[{\"@type\":\"ReadAction\",\"target\":[\"https:\\\/\\\/www.ibes.ch\\\/blutwerte-von-kuehen-beeinflusst\\\/\"]}]},{\"@type\":\"ImageObject\",\"inLanguage\":\"fr-FR\",\"@id\":\"https:\\\/\\\/www.ibes.ch\\\/blutwerte-von-kuehen-beeinflusst\\\/#primaryimage\",\"url\":\"https:\\\/\\\/www.ibes.ch\\\/wp-content\\\/uploads\\\/2018\\\/08\\\/kuehe-elektrosmog.jpg\",\"contentUrl\":\"https:\\\/\\\/www.ibes.ch\\\/wp-content\\\/uploads\\\/2018\\\/08\\\/kuehe-elektrosmog.jpg\",\"width\":847,\"height\":567,\"caption\":\"K\u00fche leiden unter Elektrosmog\"},{\"@type\":\"BreadcrumbList\",\"@id\":\"https:\\\/\\\/www.ibes.ch\\\/blutwerte-von-kuehen-beeinflusst\\\/#breadcrumb\",\"itemListElement\":[{\"@type\":\"ListItem\",\"position\":1,\"name\":\"Home\",\"item\":\"https:\\\/\\\/www.ibes.ch\\\/\"},{\"@type\":\"ListItem\",\"position\":2,\"name\":\"Blutwerte von K\u00fchen beeinflusst\"}]},{\"@type\":\"WebSite\",\"@id\":\"https:\\\/\\\/www.ibes.ch\\\/#website\",\"url\":\"https:\\\/\\\/www.ibes.ch\\\/\",\"name\":\"IBES\",\"description\":\"IBES - Ratgeber f\u00fcr Elektrosmog\",\"potentialAction\":[{\"@type\":\"SearchAction\",\"target\":{\"@type\":\"EntryPoint\",\"urlTemplate\":\"https:\\\/\\\/www.ibes.ch\\\/?s={search_term_string}\"},\"query-input\":{\"@type\":\"PropertyValueSpecification\",\"valueRequired\":true,\"valueName\":\"search_term_string\"}}],\"inLanguage\":\"fr-FR\"},{\"@type\":\"Person\",\"@id\":\"https:\\\/\\\/www.ibes.ch\\\/#\\\/schema\\\/person\\\/dcee37dd08059a9d95fc74ebcb19a905\",\"name\":\"tgrether\",\"url\":\"https:\\\/\\\/www.ibes.ch\\\/fr\\\/author\\\/tgrether\\\/\"}]}<\/script>\n<!-- \/ Yoast SEO plugin. -->","yoast_head_json":{"title":"Les vaches souffrent de l'\u00e9lectrosmog et des radiations des t\u00e9l\u00e9phones portables","description":"Des recherches sont men\u00e9es pour savoir si les champs \u00e9lectromagn\u00e9tiques rendent les hommes et les animaux malades. Aujourd'hui, une nouvelle \u00e9tude montre que les rayonnements des t\u00e9l\u00e9phones portables ont une influence sur l'organisme des vaches.","robots":{"index":"index","follow":"follow","max-snippet":"max-snippet:-1","max-image-preview":"max-image-preview:large","max-video-preview":"max-video-preview:-1"},"canonical":"https:\/\/www.ibes.ch\/fr\/les-valeurs-sanguines-sont-influencees-par-les-vaches\/","og_locale":"fr_FR","og_type":"article","og_title":"K\u00fche leiden unter Elektrosmog und Mobilfunkstrahlung","og_description":"Ob elektromagnetische Felder Mensch und Tier krank machen, wird untersucht. Jetzt zeigt eine neue Studie, dass Handystrahlung den Organismus von K\u00fchen beeinflusst.","og_url":"https:\/\/www.ibes.ch\/fr\/les-valeurs-sanguines-sont-influencees-par-les-vaches\/","og_site_name":"IBES","article_published_time":"2018-08-21T10:18:12+00:00","article_modified_time":"2023-08-11T08:07:26+00:00","og_image":[{"width":847,"height":567,"url":"https:\/\/www.ibes.ch\/wp-content\/uploads\/2018\/08\/kuehe-elektrosmog.jpg","type":"image\/jpeg"}],"author":"tgrether","twitter_card":"summary_large_image","twitter_misc":{"\u00c9crit par":"tgrether","Dur\u00e9e de lecture estim\u00e9e":"6 minutes"},"schema":{"@context":"https:\/\/schema.org","@graph":[{"@type":"Article","@id":"https:\/\/www.ibes.ch\/blutwerte-von-kuehen-beeinflusst\/#article","isPartOf":{"@id":"https:\/\/www.ibes.ch\/blutwerte-von-kuehen-beeinflusst\/"},"author":{"name":"tgrether","@id":"https:\/\/www.ibes.ch\/#\/schema\/person\/dcee37dd08059a9d95fc74ebcb19a905"},"headline":"Blutwerte von K\u00fchen beeinflusst","datePublished":"2018-08-21T10:18:12+00:00","dateModified":"2023-08-11T08:07:26+00:00","mainEntityOfPage":{"@id":"https:\/\/www.ibes.ch\/blutwerte-von-kuehen-beeinflusst\/"},"wordCount":1046,"image":{"@id":"https:\/\/www.ibes.ch\/blutwerte-von-kuehen-beeinflusst\/#primaryimage"},"thumbnailUrl":"https:\/\/www.ibes.ch\/wp-content\/uploads\/2018\/08\/kuehe-elektrosmog.jpg","articleSection":["News"],"inLanguage":"fr-FR"},{"@type":"WebPage","@id":"https:\/\/www.ibes.ch\/blutwerte-von-kuehen-beeinflusst\/","url":"https:\/\/www.ibes.ch\/blutwerte-von-kuehen-beeinflusst\/","name":"Les vaches souffrent de l'\u00e9lectrosmog et des radiations des t\u00e9l\u00e9phones portables","isPartOf":{"@id":"https:\/\/www.ibes.ch\/#website"},"primaryImageOfPage":{"@id":"https:\/\/www.ibes.ch\/blutwerte-von-kuehen-beeinflusst\/#primaryimage"},"image":{"@id":"https:\/\/www.ibes.ch\/blutwerte-von-kuehen-beeinflusst\/#primaryimage"},"thumbnailUrl":"https:\/\/www.ibes.ch\/wp-content\/uploads\/2018\/08\/kuehe-elektrosmog.jpg","datePublished":"2018-08-21T10:18:12+00:00","dateModified":"2023-08-11T08:07:26+00:00","author":{"@id":"https:\/\/www.ibes.ch\/#\/schema\/person\/dcee37dd08059a9d95fc74ebcb19a905"},"description":"Des recherches sont men\u00e9es pour savoir si les champs \u00e9lectromagn\u00e9tiques rendent les hommes et les animaux malades. Aujourd'hui, une nouvelle \u00e9tude montre que les rayonnements des t\u00e9l\u00e9phones portables ont une influence sur l'organisme des vaches.","breadcrumb":{"@id":"https:\/\/www.ibes.ch\/blutwerte-von-kuehen-beeinflusst\/#breadcrumb"},"inLanguage":"fr-FR","potentialAction":[{"@type":"ReadAction","target":["https:\/\/www.ibes.ch\/blutwerte-von-kuehen-beeinflusst\/"]}]},{"@type":"ImageObject","inLanguage":"fr-FR","@id":"https:\/\/www.ibes.ch\/blutwerte-von-kuehen-beeinflusst\/#primaryimage","url":"https:\/\/www.ibes.ch\/wp-content\/uploads\/2018\/08\/kuehe-elektrosmog.jpg","contentUrl":"https:\/\/www.ibes.ch\/wp-content\/uploads\/2018\/08\/kuehe-elektrosmog.jpg","width":847,"height":567,"caption":"K\u00fche leiden unter Elektrosmog"},{"@type":"BreadcrumbList","@id":"https:\/\/www.ibes.ch\/blutwerte-von-kuehen-beeinflusst\/#breadcrumb","itemListElement":[{"@type":"ListItem","position":1,"name":"Home","item":"https:\/\/www.ibes.ch\/"},{"@type":"ListItem","position":2,"name":"Blutwerte von K\u00fchen beeinflusst"}]},{"@type":"WebSite","@id":"https:\/\/www.ibes.ch\/#website","url":"https:\/\/www.ibes.ch\/","name":"IBES","description":"IBES - Guide de l'\u00e9lectrosmog","potentialAction":[{"@type":"SearchAction","target":{"@type":"EntryPoint","urlTemplate":"https:\/\/www.ibes.ch\/?s={search_term_string}"},"query-input":{"@type":"PropertyValueSpecification","valueRequired":true,"valueName":"search_term_string"}}],"inLanguage":"fr-FR"},{"@type":"Person","@id":"https:\/\/www.ibes.ch\/#\/schema\/person\/dcee37dd08059a9d95fc74ebcb19a905","name":"tgrether","url":"https:\/\/www.ibes.ch\/fr\/author\/tgrether\/"}]}},"_links":{"self":[{"href":"https:\/\/www.ibes.ch\/fr\/wp-json\/wp\/v2\/posts\/8436","targetHints":{"allow":["GET"]}}],"collection":[{"href":"https:\/\/www.ibes.ch\/fr\/wp-json\/wp\/v2\/posts"}],"about":[{"href":"https:\/\/www.ibes.ch\/fr\/wp-json\/wp\/v2\/types\/post"}],"author":[{"embeddable":true,"href":"https:\/\/www.ibes.ch\/fr\/wp-json\/wp\/v2\/users\/3"}],"replies":[{"embeddable":true,"href":"https:\/\/www.ibes.ch\/fr\/wp-json\/wp\/v2\/comments?post=8436"}],"version-history":[{"count":5,"href":"https:\/\/www.ibes.ch\/fr\/wp-json\/wp\/v2\/posts\/8436\/revisions"}],"predecessor-version":[{"id":19718,"href":"https:\/\/www.ibes.ch\/fr\/wp-json\/wp\/v2\/posts\/8436\/revisions\/19718"}],"wp:featuredmedia":[{"embeddable":true,"href":"https:\/\/www.ibes.ch\/fr\/wp-json\/wp\/v2\/media\/8437"}],"wp:attachment":[{"href":"https:\/\/www.ibes.ch\/fr\/wp-json\/wp\/v2\/media?parent=8436"}],"wp:term":[{"taxonomy":"category","embeddable":true,"href":"https:\/\/www.ibes.ch\/fr\/wp-json\/wp\/v2\/categories?post=8436"},{"taxonomy":"post_tag","embeddable":true,"href":"https:\/\/www.ibes.ch\/fr\/wp-json\/wp\/v2\/tags?post=8436"}],"curies":[{"name":"wp","href":"https:\/\/api.w.org\/{rel}","templated":true}]}}