{"id":20493,"date":"2024-07-22T14:53:54","date_gmt":"2024-07-22T12:53:54","guid":{"rendered":"https:\/\/www.ibes.ch\/?p=20493"},"modified":"2024-07-22T15:25:02","modified_gmt":"2024-07-22T13:25:02","slug":"20493-2","status":"publish","type":"post","link":"https:\/\/www.ibes.ch\/fr\/20493-2\/","title":{"rendered":"Antennes adaptatives : Facteur de correction soumis \u00e0 autorisation"},"content":{"rendered":"<style type=\"text\/css\" data-created_by=\"avia_inline_auto\" id=\"style-css-av-lywzb9he-1aee9e8c94eedc1c1d0ded8ae27bbe8c\">\n#top .av-special-heading.av-lywzb9he-1aee9e8c94eedc1c1d0ded8ae27bbe8c{\npadding-bottom:10px;\n}\nbody .av-special-heading.av-lywzb9he-1aee9e8c94eedc1c1d0ded8ae27bbe8c .av-special-heading-tag .heading-char{\nfont-size:25px;\n}\n.av-special-heading.av-lywzb9he-1aee9e8c94eedc1c1d0ded8ae27bbe8c .av-subheading{\nfont-size:15px;\n}\n<\/style>\n<div  class='av-special-heading av-lywzb9he-1aee9e8c94eedc1c1d0ded8ae27bbe8c av-special-heading-h1 blockquote modern-quote modern-centered  avia-builder-el-0  el_before_av_hr  avia-builder-el-first  av-linked-heading'><h1 class='av-special-heading-tag'  itemprop=\"headline\"  >Facteur de correction pour les antennes adaptatives 5G soumis \u00e0 autorisation<\/h1><div class='av-subheading av-subheading_below'><p>Un jugement du Tribunal f\u00e9d\u00e9ral oblige le lobby de la t\u00e9l\u00e9phonie mobile \u00e0 d\u00e9livrer des permis de construire<\/p>\n<\/div><div class=\"special-heading-border\"><div class=\"special-heading-inner-border\"><\/div><\/div><\/div>\n<div  class='hr av-jtb76g4l-b808a5ca9bd5eb458e0c01ac1909077d hr-short  avia-builder-el-1  el_after_av_heading  el_before_av_one_half  hr-center'><span class='hr-inner'><span class=\"hr-inner-style\"><\/span><\/span><\/div>\n\n<style type=\"text\/css\" data-created_by=\"avia_inline_auto\" id=\"style-css-av-sktapo-2fc63bbee07ff1fa37952dac22bef60a\">\n.flex_column.av-sktapo-2fc63bbee07ff1fa37952dac22bef60a{\nborder-radius:0px 0px 0px 0px;\npadding:0px 0px 0px 0px;\n}\n<\/style>\n<div  class='flex_column av-sktapo-2fc63bbee07ff1fa37952dac22bef60a av_one_half  avia-builder-el-2  el_after_av_hr  el_before_av_one_half  first flex_column_div av-zero-column-padding'     ><section  class='av_textblock_section av-jtb653a3-464b1d91fbd80bd416e2bd3a44ac8532'   itemscope=\"itemscope\" itemtype=\"https:\/\/schema.org\/BlogPosting\" ><div class='avia_textblock'  itemprop=\"text\" ><p>L'ins\u00e9curit\u00e9 juridique a dur\u00e9 trois ans. De nombreuses antennes adaptatives autoris\u00e9es ont \u00e9t\u00e9 install\u00e9es pendant cette p\u00e9riode. Puis, en d\u00e9cembre 2022, le Conseil f\u00e9d\u00e9ral a d\u00e9cid\u00e9 que les antennes 5G adaptatives pouvaient r\u00e9guli\u00e8rement \u00e9mettre un rayonnement plus fort - m\u00eame sans nouveau permis de construire ou possibilit\u00e9 d'opposition.<\/p>\n<p>Les nombreux d\u00e9passements des valeurs limites de l'installation ont suscit\u00e9 l'opposition de la population, ce qui a entra\u00een\u00e9 des milliers d'oppositions. Les personnes n'ayant pas la possibilit\u00e9 de faire opposition se sont senties ignor\u00e9es. L'astuce utilis\u00e9e pour dissimuler l'augmentation de puissance s'appelle dans le jargon technique \"facteur de correction\". Il est \u00e0 l'origine de milliers d'oppositions. Le site <a href=\"https:\/\/www.bger.ch\/ext\/eurospider\/live\/fr\/php\/aza\/http\/index.php?highlight_docid=aza:\/\/23-04-2024-1C_506-2023&amp;lang=fr&amp;zoom=&amp;type=show_document\">Tribunal f\u00e9d\u00e9ral<\/a> d\u00e9clare d\u00e9sormais que le facteur de correction est soumis \u00e0 autorisation de construire.<\/p>\n<\/div><\/section><\/div>\n\n<style type=\"text\/css\" data-created_by=\"avia_inline_auto\" id=\"style-css-av-z22xj0-f0e354cb7d020f9b805ce1d25fe184f4\">\n.flex_column.av-z22xj0-f0e354cb7d020f9b805ce1d25fe184f4{\nborder-radius:0px 0px 0px 0px;\npadding:0px 0px 0px 0px;\n}\n<\/style>\n<div  class='flex_column av-z22xj0-f0e354cb7d020f9b805ce1d25fe184f4 av_one_half  avia-builder-el-4  el_after_av_one_half  el_before_av_one_full  flex_column_div av-zero-column-padding'     ><p>\n<style type=\"text\/css\" data-created_by=\"avia_inline_auto\" id=\"style-css-av-jtb708jc-237038379fc0f145e9ec55a143438fd2\">\n.avia-image-container.av-jtb708jc-237038379fc0f145e9ec55a143438fd2 img.avia_image{\nbox-shadow:none;\n}\n.avia-image-container.av-jtb708jc-237038379fc0f145e9ec55a143438fd2 .av-image-caption-overlay-center{\ncolor:#ffffff;\n}\n<\/style>\n<div  class='avia-image-container av-jtb708jc-237038379fc0f145e9ec55a143438fd2 av-styling- avia-align-center  avia-builder-el-5  el_before_av_textblock  avia-builder-el-first'  ><div class=\"avia-image-container-inner\"><div class=\"avia-image-overlay-wrap\"><img decoding=\"async\" fetchpriority=\"high\" class='wp-image-20496 avia-img-lazy-loading-not-20496 avia_image' src=\"https:\/\/www.ibes.ch\/wp-content\/uploads\/2024\/07\/adaptive_antennen_5g.jpg\" alt='Une tour de t\u00e9l\u00e9communication avec plusieurs antennes et des lumi\u00e8res rouges sur fond de ciel partiellement nuageux.' title='Une tour de t\u00e9l\u00e9communication avec plusieurs antennes et des lumi\u00e8res rouges sur fond de ciel partiellement nuageux.'  height=\"1016\" width=\"1200\"  itemprop=\"thumbnailUrl\" srcset=\"https:\/\/www.ibes.ch\/wp-content\/uploads\/2024\/07\/adaptive_antennen_5g.jpg 1200w, https:\/\/www.ibes.ch\/wp-content\/uploads\/2024\/07\/adaptive_antennen_5g-300x254.jpg 300w, https:\/\/www.ibes.ch\/wp-content\/uploads\/2024\/07\/adaptive_antennen_5g-1030x872.jpg 1030w, https:\/\/www.ibes.ch\/wp-content\/uploads\/2024\/07\/adaptive_antennen_5g-768x650.jpg 768w, https:\/\/www.ibes.ch\/wp-content\/uploads\/2024\/07\/adaptive_antennen_5g-14x12.jpg 14w, https:\/\/www.ibes.ch\/wp-content\/uploads\/2024\/07\/adaptive_antennen_5g-705x597.jpg 705w, https:\/\/www.ibes.ch\/wp-content\/uploads\/2024\/07\/adaptive_antennen_5g-450x381.jpg 450w, https:\/\/www.ibes.ch\/wp-content\/uploads\/2024\/07\/adaptive_antennen_5g-600x508.jpg 600w\" sizes=\"(max-width: 1200px) 100vw, 1200px\" \/><\/div><\/div><\/div><br \/>\n<section  class='av_textblock_section av-jtb71jwn-b0b9bcfb8e7de103e7f3547e8070fa85'   itemscope=\"itemscope\" itemtype=\"https:\/\/schema.org\/BlogPosting\" ><div class='avia_textblock'  itemprop=\"text\" ><p><em>A l'avenir, les entreprises de t\u00e9l\u00e9communications devront d\u00e9poser davantage de demandes de permis de construire.<\/em><\/p>\n<\/div><\/section><\/p><\/div>\n\n<style type=\"text\/css\" data-created_by=\"avia_inline_auto\" id=\"style-css-av-sktapo-15-16b9e59234ed2631a49a967f552cf478\">\n.flex_column.av-sktapo-15-16b9e59234ed2631a49a967f552cf478{\nborder-radius:0px 0px 0px 0px;\npadding:0px 0px 0px 0px;\n}\n<\/style>\n<div  class='flex_column av-sktapo-15-16b9e59234ed2631a49a967f552cf478 av_one_full  avia-builder-el-7  el_after_av_one_half  el_before_av_one_full  first flex_column_div av-zero-column-padding  column-top-margin'     ><p>\n<style type=\"text\/css\" data-created_by=\"avia_inline_auto\" id=\"style-css-av-iil69o-2be21103560b92b1afc9136c0db5703e\">\n#top .av-special-heading.av-iil69o-2be21103560b92b1afc9136c0db5703e{\npadding-bottom:10px;\n}\nbody .av-special-heading.av-iil69o-2be21103560b92b1afc9136c0db5703e .av-special-heading-tag .heading-char{\nfont-size:25px;\n}\n.av-special-heading.av-iil69o-2be21103560b92b1afc9136c0db5703e .av-subheading{\nfont-size:15px;\n}\n<\/style>\n<div  class='av-special-heading av-iil69o-2be21103560b92b1afc9136c0db5703e av-special-heading-h2 blockquote modern-quote modern-centered  avia-builder-el-8  el_before_av_textblock  avia-builder-el-first  av-linked-heading'><h2 class='av-special-heading-tag'  itemprop=\"headline\"  >Puissance des antennes adaptatives plus importante que celle indiqu\u00e9e<\/h2><div class=\"special-heading-border\"><div class=\"special-heading-inner-border\"><\/div><\/div><\/div><br \/>\n<section  class='av_textblock_section av-jtb653a3-14-9cb6d86df17b50cf4c227b175279646b'   itemscope=\"itemscope\" itemtype=\"https:\/\/schema.org\/BlogPosting\" ><div class='avia_textblock'  itemprop=\"text\" ><p>Jusqu'en 2019, toutes les antennes devaient respecter en tout temps les valeurs limites de l'installation et le rayonnement maximal autoris\u00e9 (puissance d'\u00e9mission en W ERP). A partir de 2021\/2022, de nouvelles prescriptions et une nouvelle recommandation d'ex\u00e9cution ont \u00e9t\u00e9 introduites dans l'ORNI pour les antennes adaptatives. Selon le portail en ligne \"<a href=\"https:\/\/www.schutz-vor-strahlung.ch\">Protection contre les radiations<\/a>\"Le rayonnement \u00e9mis par une antenne adaptative peut faire l'objet d'indications \"corrig\u00e9es\" - et donc fausses - dans les documents relatifs \u00e0 la demande de permis de construire. Il est permis de rayonner une puissance plus importante que celle indiqu\u00e9e. C'est l'application du facteur de correction.<\/p>\n<\/div><\/section><br \/>\n\n<style type=\"text\/css\" data-created_by=\"avia_inline_auto\" id=\"style-css-av-114ojmk-c4344e0a71378492450940fe7df8e630\">\n#top .av-special-heading.av-114ojmk-c4344e0a71378492450940fe7df8e630{\npadding-bottom:10px;\n}\nbody .av-special-heading.av-114ojmk-c4344e0a71378492450940fe7df8e630 .av-special-heading-tag .heading-char{\nfont-size:25px;\n}\n.av-special-heading.av-114ojmk-c4344e0a71378492450940fe7df8e630 .av-subheading{\nfont-size:15px;\n}\n<\/style>\n<div  class='av-special-heading av-114ojmk-c4344e0a71378492450940fe7df8e630 av-special-heading-h2 blockquote modern-quote modern-centered  avia-builder-el-10  el_after_av_textblock  avia-builder-el-last  av-linked-heading'><h2 class='av-special-heading-tag'  itemprop=\"headline\"  >D\u00e9passement des valeurs limites dans les habitations<\/h2><div class=\"special-heading-border\"><div class=\"special-heading-inner-border\"><\/div><\/div><\/div><\/p><\/div>\n\n<style type=\"text\/css\" data-created_by=\"avia_inline_auto\" id=\"style-css-av-sktapo-13-ab8aca8d7bd27c827fa25d2fcaeb15fd\">\n.flex_column.av-sktapo-13-ab8aca8d7bd27c827fa25d2fcaeb15fd{\nborder-radius:0px 0px 0px 0px;\npadding:0px 0px 0px 0px;\n}\n<\/style>\n<div  class='flex_column av-sktapo-13-ab8aca8d7bd27c827fa25d2fcaeb15fd av_one_full  avia-builder-el-11  el_after_av_one_full  el_before_av_one_full  first flex_column_div av-zero-column-padding  column-top-margin'     ><p><section  class='av_textblock_section av-jtb653a3-12-7bb064905bbf4949d91fac52743faae2'   itemscope=\"itemscope\" itemtype=\"https:\/\/schema.org\/BlogPosting\" ><div class='avia_textblock'  itemprop=\"text\" ><p>Dans la pratique, la demande de permis de construire pour une antenne adaptative mentionne par exemple une puissance d'\u00e9mission de 200 W ERP. Or, en appliquant le facteur de correction, cette antenne \u00e9met aux heures de pointe avec une puissance de 1 800 W ERP. Dans certains appartements situ\u00e9s autour de l'antenne, il en r\u00e9sulte des <a href=\"https:\/\/www.ibes.ch\/fr\/mesure-profi-2\/valeurs-limites-et-lois\/\">D\u00e9passement des valeurs limites<\/a>. Dans le cas le plus extr\u00eame, il est possible d'atteindre 16 V\/m aux heures de pointe au lieu des 5 V\/m autoris\u00e9s, car la puissance d'\u00e9mission - et donc la valeur limite - ne doit plus \u00eatre respect\u00e9e qu'en moyenne.<\/p>\n<\/div><\/section><br \/>\n\n<style type=\"text\/css\" data-created_by=\"avia_inline_auto\" id=\"style-css-av-lywzff1g-a20fde29d85b5b2bd722def320af5736\">\n#top .av-special-heading.av-lywzff1g-a20fde29d85b5b2bd722def320af5736{\npadding-bottom:10px;\n}\nbody .av-special-heading.av-lywzff1g-a20fde29d85b5b2bd722def320af5736 .av-special-heading-tag .heading-char{\nfont-size:25px;\n}\n.av-special-heading.av-lywzff1g-a20fde29d85b5b2bd722def320af5736 .av-subheading{\nfont-size:15px;\n}\n<\/style>\n<div  class='av-special-heading av-lywzff1g-a20fde29d85b5b2bd722def320af5736 av-special-heading-h2 blockquote modern-quote modern-centered  avia-builder-el-13  el_after_av_textblock  avia-builder-el-last  av-linked-heading'><h2 class='av-special-heading-tag'  itemprop=\"headline\"  >Jugement dans l'affaire Wil : le Tribunal f\u00e9d\u00e9ral rappelle le Conseil f\u00e9d\u00e9ral \u00e0 l'ordre<\/h2><div class=\"special-heading-border\"><div class=\"special-heading-inner-border\"><\/div><\/div><\/div><\/p><\/div>\n\n<style type=\"text\/css\" data-created_by=\"avia_inline_auto\" id=\"style-css-av-sktapo-11-00b535ec34b1609cedbd964e9c8aec82\">\n.flex_column.av-sktapo-11-00b535ec34b1609cedbd964e9c8aec82{\nborder-radius:0px 0px 0px 0px;\npadding:0px 0px 0px 0px;\n}\n<\/style>\n<div  class='flex_column av-sktapo-11-00b535ec34b1609cedbd964e9c8aec82 av_one_full  avia-builder-el-14  el_after_av_one_full  el_before_av_one_full  first flex_column_div av-zero-column-padding  column-top-margin'     ><p><section  class='av_textblock_section av-jtb653a3-10-b253cbe704698ad1c9e982df2fc7db5e'   itemscope=\"itemscope\" itemtype=\"https:\/\/schema.org\/BlogPosting\" ><div class='avia_textblock'  itemprop=\"text\" ><p>De nombreuses antennes adaptatives ont \u00e9t\u00e9 autoris\u00e9es sans facteur de correction, avec la promesse des autorit\u00e9s que les valeurs limites seraient toujours respect\u00e9es. Pourtant, quelque temps plus tard, l'application du facteur de correction a \u00e9t\u00e9 autoris\u00e9e pour ces antennes et elles ont pu d\u00e9passer les valeurs limites.<\/p>\n<p>Le Conseil f\u00e9d\u00e9ral a en effet d\u00e9cid\u00e9 au chiffre 62, alin\u00e9a 5bis, que l'activation du facteur de correction n'\u00e9tait pas une modification. Schutz vor Strahlung \u00e9crit en outre que le Tribunal f\u00e9d\u00e9ral voit les choses diff\u00e9remment dans son arr\u00eat du 14 avril 2024 : \"L'application du facteur de correction aux antennes adaptatives autoris\u00e9es jusqu'\u00e0 pr\u00e9sent selon le \"sc\u00e9nario du pire\" entra\u00eene des pics de puissance qui peuvent \u00eatre nettement sup\u00e9rieurs (jusqu'\u00e0 10 fois, selon le facteur de correction) \u00e0 la puissance d'\u00e9mission maximale actuelle\". Ces pics de puissance ne pourraient pas \u00eatre d\u00e9tect\u00e9s par les riverains, car le rayonnement est invisible. C'est pourquoi cette modification est soumise \u00e0 un permis de construire.<\/p>\n<\/div><\/section><br \/>\n\n<style type=\"text\/css\" data-created_by=\"avia_inline_auto\" id=\"style-css-av-lywzg9wh-e3e3ef0e40b9e3ef4cba598f503a17e1\">\n#top .av-special-heading.av-lywzg9wh-e3e3ef0e40b9e3ef4cba598f503a17e1{\npadding-bottom:10px;\n}\nbody .av-special-heading.av-lywzg9wh-e3e3ef0e40b9e3ef4cba598f503a17e1 .av-special-heading-tag .heading-char{\nfont-size:25px;\n}\n.av-special-heading.av-lywzg9wh-e3e3ef0e40b9e3ef4cba598f503a17e1 .av-subheading{\nfont-size:15px;\n}\n<\/style>\n<div  class='av-special-heading av-lywzg9wh-e3e3ef0e40b9e3ef4cba598f503a17e1 av-special-heading-h2 blockquote modern-quote modern-centered  avia-builder-el-16  el_after_av_textblock  avia-builder-el-last  av-linked-heading'><h2 class='av-special-heading-tag'  itemprop=\"headline\"  >Cons\u00e9quence de la d\u00e9cision du Tribunal f\u00e9d\u00e9ral sur les antennes adaptatives<\/h2><div class=\"special-heading-border\"><div class=\"special-heading-inner-border\"><\/div><\/div><\/div><\/p><\/div>\n\n<style type=\"text\/css\" data-created_by=\"avia_inline_auto\" id=\"style-css-av-4fc9hwt-5212f4ebff7377c5f00b661dd183494d\">\n.flex_column.av-4fc9hwt-5212f4ebff7377c5f00b661dd183494d{\nborder-radius:0px 0px 0px 0px;\npadding:0px 0px 0px 0px;\n}\n<\/style>\n<div  class='flex_column av-4fc9hwt-5212f4ebff7377c5f00b661dd183494d av_one_full  avia-builder-el-17  el_after_av_one_full  el_before_av_one_full  first flex_column_div av-zero-column-padding  column-top-margin'     ><p><section  class='av_textblock_section av-lywzh3rf-707ad052725aa059ca0115548981123d'   itemscope=\"itemscope\" itemtype=\"https:\/\/schema.org\/BlogPosting\" ><div class='avia_textblock'  itemprop=\"text\" ><p>La cons\u00e9quence de cette d\u00e9cision est qu'une nouvelle demande de permis de construire doit \u00eatre d\u00e9pos\u00e9e pour environ 3'000 antennes qui utilisent le facteur de correction sans permis de construire. Si aucune demande de permis de construire n'est d\u00e9pos\u00e9e, les antennes adaptatives devront \u00eatre r\u00e9duites ou - si la transformation en antennes adaptatives a \u00e9t\u00e9 effectu\u00e9e sans permis de construire - totalement \u00e9teintes et d\u00e9mont\u00e9es. L'opposition aux antennes adaptatives, et notamment au facteur de correction, est \u00e9norme. Environ 3 000 proc\u00e9dures de permis de construire sont constamment bloqu\u00e9es, car presque chaque transformation et chaque nouvelle construction fait l'objet d'une opposition. D'ici la fin de l'ann\u00e9e 2024, 3'000 autres demandes de permis de construire au maximum pourraient s'y ajouter. La part de la population qui <a href=\"https:\/\/www.ibes.ch\/fr\/5g-de-rayonnement\/\">par le rayonnement 5G<\/a> % consid\u00e8re le rayonnement de la t\u00e9l\u00e9phonie mobile comme un risque.<\/p>\n<\/div><\/section><br \/>\n\n<style type=\"text\/css\" data-created_by=\"avia_inline_auto\" id=\"style-css-av-lywzhc6t-dae1896e959780b1046ddbed046d18e2\">\n#top .av-special-heading.av-lywzhc6t-dae1896e959780b1046ddbed046d18e2{\npadding-bottom:10px;\n}\nbody .av-special-heading.av-lywzhc6t-dae1896e959780b1046ddbed046d18e2 .av-special-heading-tag .heading-char{\nfont-size:25px;\n}\n.av-special-heading.av-lywzhc6t-dae1896e959780b1046ddbed046d18e2 .av-subheading{\nfont-size:15px;\n}\n<\/style>\n<div  class='av-special-heading av-lywzhc6t-dae1896e959780b1046ddbed046d18e2 av-special-heading-h2 blockquote modern-quote modern-centered  avia-builder-el-19  el_after_av_textblock  avia-builder-el-last  av-linked-heading'><h2 class='av-special-heading-tag'  itemprop=\"headline\"  >Pourquoi les antennes adaptatives devraient-elles \u00eatre autoris\u00e9es \u00e0 \u00e9mettre plus fortement ?<\/h2><div class=\"special-heading-border\"><div class=\"special-heading-inner-border\"><\/div><\/div><\/div><\/p><\/div>\n\n<style type=\"text\/css\" data-created_by=\"avia_inline_auto\" id=\"style-css-av-3qdnykt-b6ef602547cf529672041ebb94dab73e\">\n.flex_column.av-3qdnykt-b6ef602547cf529672041ebb94dab73e{\nborder-radius:0px 0px 0px 0px;\npadding:0px 0px 0px 0px;\n}\n<\/style>\n<div  class='flex_column av-3qdnykt-b6ef602547cf529672041ebb94dab73e av_one_full  avia-builder-el-20  el_after_av_one_full  el_before_av_one_full  first flex_column_div av-zero-column-padding  column-top-margin'     ><p><section  class='av_textblock_section av-lywzhmgv-c87124e875e4b68f64268e03d8f29d41'   itemscope=\"itemscope\" itemtype=\"https:\/\/schema.org\/BlogPosting\" ><div class='avia_textblock'  itemprop=\"text\" ><p>La raison de cette immense r\u00e9sistance est simple : personne ne peut expliquer pourquoi les antennes adaptatives, qui, selon les autorit\u00e9s, sont plus efficaces et peuvent transmettre plus de donn\u00e9es avec moins de rayonnement, sont autoris\u00e9es \u00e0 rayonner plus que tous les autres types d'antennes. Les autorit\u00e9s affirment que les antennes adaptatives \u00e9mettent moins de rayonnement dans certaines directions que dans d'autres et qu'elles entra\u00eenent globalement moins de rayonnement. C'est la raison pour laquelle les antennes seraient autoris\u00e9es \u00e0 \u00e9mettre plus fortement pendant une courte p\u00e9riode. Cette explication n'est pas compr\u00e9hensible pour les riverains. Pourquoi les riverains devraient-ils \u00eatre autoris\u00e9s \u00e0 \u00eatre expos\u00e9s \u00e0 des niveaux plus \u00e9lev\u00e9s simplement parce que les endroits o\u00f9 personne ne se trouve sont moins expos\u00e9s ?<\/p>\n<\/div><\/section><br \/>\n\n<style type=\"text\/css\" data-created_by=\"avia_inline_auto\" id=\"style-css-av-lywzhvdy-0bac0915a2a08a90a4609099d154b786\">\n#top .av-special-heading.av-lywzhvdy-0bac0915a2a08a90a4609099d154b786{\npadding-bottom:10px;\n}\nbody .av-special-heading.av-lywzhvdy-0bac0915a2a08a90a4609099d154b786 .av-special-heading-tag .heading-char{\nfont-size:25px;\n}\n.av-special-heading.av-lywzhvdy-0bac0915a2a08a90a4609099d154b786 .av-subheading{\nfont-size:15px;\n}\n<\/style>\n<div  class='av-special-heading av-lywzhvdy-0bac0915a2a08a90a4609099d154b786 av-special-heading-h2 blockquote modern-quote modern-centered  avia-builder-el-22  el_after_av_textblock  avia-builder-el-last  av-linked-heading'><h2 class='av-special-heading-tag'  itemprop=\"headline\"  >Fiches de donn\u00e9es de site non transparentes lors de la demande de permis de construire<\/h2><div class=\"special-heading-border\"><div class=\"special-heading-inner-border\"><\/div><\/div><\/div><\/p><\/div>\n\n<style type=\"text\/css\" data-created_by=\"avia_inline_auto\" id=\"style-css-av-1bejkd-24961acf9bead38b6c5fda7eb40c4109\">\n.flex_column.av-1bejkd-24961acf9bead38b6c5fda7eb40c4109{\nborder-radius:0px 0px 0px 0px;\npadding:0px 0px 0px 0px;\n}\n<\/style>\n<div  class='flex_column av-1bejkd-24961acf9bead38b6c5fda7eb40c4109 av_one_full  avia-builder-el-23  el_after_av_one_full  el_before_av_one_full  first flex_column_div av-zero-column-padding  column-top-margin'     ><p><section  class='av_textblock_section av-lywzimqx-1d40ceb2b06315176e46492537ece9e8'   itemscope=\"itemscope\" itemtype=\"https:\/\/schema.org\/BlogPosting\" ><div class='avia_textblock'  itemprop=\"text\" ><p>Le manque de transparence des fiches de donn\u00e9es de site figurant dans les dossiers de demande de permis de construire est une grande source d'irritation pour les riverains. On ne peut pas y voir l'intensit\u00e9 du rayonnement aux heures de pointe. Certaines valeurs sont des valeurs moyennes, d'autres des valeurs de pointe, et ces deux derni\u00e8res sont additionn\u00e9es au carr\u00e9. La fiche de donn\u00e9es de site des antennes adaptatives est donc extr\u00eamement peu claire, m\u00eame d'un point de vue math\u00e9matique. De plus, on ne comprend pas pourquoi le rayon d'opposition est toujours le m\u00eame pour diff\u00e9rents facteurs de correction. Jusqu'\u00e0 pr\u00e9sent, il d\u00e9pendait de la puissance de cr\u00eate : Plus la puissance de l'antenne est \u00e9lev\u00e9e, plus le rayon d'opposition est grand. Avec l'introduction du facteur de correction, cette injustice a \u00e9galement \u00e9t\u00e9 recr\u00e9\u00e9e.<\/p>\n<\/div><\/section><br \/>\n\n<style type=\"text\/css\" data-created_by=\"avia_inline_auto\" id=\"style-css-av-lywzj8c7-9f42a53a2919f4913687a95e15d44748\">\n#top .av-special-heading.av-lywzj8c7-9f42a53a2919f4913687a95e15d44748{\npadding-bottom:10px;\n}\nbody .av-special-heading.av-lywzj8c7-9f42a53a2919f4913687a95e15d44748 .av-special-heading-tag .heading-char{\nfont-size:25px;\n}\n.av-special-heading.av-lywzj8c7-9f42a53a2919f4913687a95e15d44748 .av-subheading{\nfont-size:15px;\n}\n<\/style>\n<div  class='av-special-heading av-lywzj8c7-9f42a53a2919f4913687a95e15d44748 av-special-heading-h2 blockquote modern-quote modern-centered  avia-builder-el-25  el_after_av_textblock  avia-builder-el-last  av-linked-heading'><h2 class='av-special-heading-tag'  itemprop=\"headline\"  >Les personnes concern\u00e9es demandent la suppression du facteur de correction<\/h2><div class=\"special-heading-border\"><div class=\"special-heading-inner-border\"><\/div><\/div><\/div><\/p><\/div>\n\n<style type=\"text\/css\" data-created_by=\"avia_inline_auto\" id=\"style-css-av-2vr3be5-b7c6b6a81e0d1551058948d66b05c959\">\n.flex_column.av-2vr3be5-b7c6b6a81e0d1551058948d66b05c959{\nborder-radius:0px 0px 0px 0px;\npadding:0px 0px 0px 0px;\n}\n<\/style>\n<div  class='flex_column av-2vr3be5-b7c6b6a81e0d1551058948d66b05c959 av_one_full  avia-builder-el-26  el_after_av_one_full  el_before_av_one_full  first flex_column_div av-zero-column-padding  column-top-margin'     ><p><section  class='av_textblock_section av-lywzjknd-5c3d9be3079ebf5516602688fd89ba16'   itemscope=\"itemscope\" itemtype=\"https:\/\/schema.org\/BlogPosting\" ><div class='avia_textblock'  itemprop=\"text\" ><p>Le facteur de correction doit \u00eatre compl\u00e8tement supprim\u00e9, \u00e9crit Protection contre les radiations. Il faut \u00e9liminer le chaos de fond en comble. Ce n'est qu'ainsi que la situation retrouvera son calme. Toute nouvelle modification de lois, d'ordonnances, de recommandations d'ex\u00e9cution ou de m\u00e9thodes de calcul ne fait que durcir les fronts, susciter le m\u00e9contentement de toutes les personnes concern\u00e9es et, finalement, entra\u00eener une grande perte de confiance. Plus personne n'aura une vue d'ensemble et les tribunaux souffriront encore plus de la quantit\u00e9 de proc\u00e9dures juridiques et de prescriptions en constante \u00e9volution.<\/p>\n<\/div><\/section><br \/>\n\n<style type=\"text\/css\" data-created_by=\"avia_inline_auto\" id=\"style-css-av-lywzjp3m-5a0cb13aef4af707e942d4dba14d5623\">\n#top .av-special-heading.av-lywzjp3m-5a0cb13aef4af707e942d4dba14d5623{\npadding-bottom:10px;\n}\nbody .av-special-heading.av-lywzjp3m-5a0cb13aef4af707e942d4dba14d5623 .av-special-heading-tag .heading-char{\nfont-size:25px;\n}\n.av-special-heading.av-lywzjp3m-5a0cb13aef4af707e942d4dba14d5623 .av-subheading{\nfont-size:15px;\n}\n<\/style>\n<div  class='av-special-heading av-lywzjp3m-5a0cb13aef4af707e942d4dba14d5623 av-special-heading-h2 blockquote modern-quote modern-centered  avia-builder-el-28  el_after_av_textblock  avia-builder-el-last  av-linked-heading'><h2 class='av-special-heading-tag'  itemprop=\"headline\"  >Le Conseil f\u00e9d\u00e9ral doit r\u00e9tablir la s\u00e9curit\u00e9 juridique<\/h2><div class=\"special-heading-border\"><div class=\"special-heading-inner-border\"><\/div><\/div><\/div><\/p><\/div>\n\n<style type=\"text\/css\" data-created_by=\"avia_inline_auto\" id=\"style-css-av-2dri4p9-8758eb52bd62fa50abdb1286c5cbc40b\">\n.flex_column.av-2dri4p9-8758eb52bd62fa50abdb1286c5cbc40b{\nborder-radius:0px 0px 0px 0px;\npadding:0px 0px 0px 0px;\n}\n<\/style>\n<div  class='flex_column av-2dri4p9-8758eb52bd62fa50abdb1286c5cbc40b av_one_full  avia-builder-el-29  el_after_av_one_full  el_before_av_one_full  first flex_column_div av-zero-column-padding  column-top-margin'     ><p><section  class='av_textblock_section av-lywzk1ds-f6785285554605b8b386271f29dfb26b'   itemscope=\"itemscope\" itemtype=\"https:\/\/schema.org\/BlogPosting\" ><div class='avia_textblock'  itemprop=\"text\" ><p>Il faudrait s'attendre \u00e0 d'autres d\u00e9cisions du Tribunal f\u00e9d\u00e9ral avec des effets r\u00e9troactifs. Cela doit \u00eatre \u00e9vit\u00e9. Le Conseil f\u00e9d\u00e9ral doit r\u00e9tablir la s\u00e9curit\u00e9 juridique : Le niveau de protection de 2019 doit \u00eatre r\u00e9tabli. Au lieu de faire avancer la 5G, la Suisse doit \u00eatre enti\u00e8rement raccord\u00e9e \u00e0 la fibre optique sans rayonnement, ce qui permettrait de d\u00e9sengorger le r\u00e9seau de t\u00e9l\u00e9phonie mobile.<\/p>\n<p>La DTAP - qui regroupe des repr\u00e9sentants des gouvernements cantonaux - a \u00e9galement demand\u00e9 une r\u00e9vision de l'ORNI apr\u00e8s l'introduction des facteurs de correction : \"Ce n'est pas la technologie qui doit \u00eatre mise au premier plan, mais la protection de la population\". C'est \u00e9galement la pr\u00e9occupation des organisations de consommateurs.<\/p>\n<\/div><\/section><br \/>\n\n<style type=\"text\/css\" data-created_by=\"avia_inline_auto\" id=\"style-css-av-lywzk9vy-4594d6db2b9a34204840ebee47be9657\">\n#top .av-special-heading.av-lywzk9vy-4594d6db2b9a34204840ebee47be9657{\npadding-bottom:10px;\n}\nbody .av-special-heading.av-lywzk9vy-4594d6db2b9a34204840ebee47be9657 .av-special-heading-tag .heading-char{\nfont-size:25px;\n}\n.av-special-heading.av-lywzk9vy-4594d6db2b9a34204840ebee47be9657 .av-subheading{\nfont-size:15px;\n}\n<\/style>\n<div  class='av-special-heading av-lywzk9vy-4594d6db2b9a34204840ebee47be9657 av-special-heading-h2 blockquote modern-quote modern-centered  avia-builder-el-31  el_after_av_textblock  avia-builder-el-last  av-linked-heading'><h2 class='av-special-heading-tag'  itemprop=\"headline\"  >A l'avenir, une demande de permis de construire ordinaire devra \u00eatre d\u00e9pos\u00e9e<\/h2><div class=\"special-heading-border\"><div class=\"special-heading-inner-border\"><\/div><\/div><\/div><\/p><\/div>\n\n<style type=\"text\/css\" data-created_by=\"avia_inline_auto\" id=\"style-css-av-1w5o231-f9007dffdd457832cec89e919240785d\">\n.flex_column.av-1w5o231-f9007dffdd457832cec89e919240785d{\nborder-radius:0px 0px 0px 0px;\npadding:0px 0px 0px 0px;\n}\n<\/style>\n<div  class='flex_column av-1w5o231-f9007dffdd457832cec89e919240785d av_one_full  avia-builder-el-32  el_after_av_one_full  el_before_av_one_full  first flex_column_div av-zero-column-padding  column-top-margin'     ><p><section  class='av_textblock_section av-lywzkmn6-d39335b3bfc80e12aad48f6647b54a60'   itemscope=\"itemscope\" itemtype=\"https:\/\/schema.org\/BlogPosting\" ><div class='avia_textblock'  itemprop=\"text\" ><p>Selon une d\u00e9cision de justice r\u00e9cente, une demande de permis de construire ordinaire doit d\u00e9sormais \u00eatre d\u00e9pos\u00e9e pour activer le facteur de correction des antennes adaptatives. Bien que toutes les prescriptions aient \u00e9t\u00e9 respect\u00e9es \u00e0 tout moment, des milliers d'installations existantes sont d\u00e9sormais concern\u00e9es par un vice de forme juridique. La couverture de la t\u00e9l\u00e9phonie mobile par une technologie efficace et moderne est encore fortement retard\u00e9e en Suisse.<\/p>\n<\/div><\/section><br \/>\n\n<style type=\"text\/css\" data-created_by=\"avia_inline_auto\" id=\"style-css-av-lywzky7w-cf8b5091ee3f58462769675afa64c5e4\">\n#top .av-special-heading.av-lywzky7w-cf8b5091ee3f58462769675afa64c5e4{\npadding-bottom:10px;\n}\nbody .av-special-heading.av-lywzky7w-cf8b5091ee3f58462769675afa64c5e4 .av-special-heading-tag .heading-char{\nfont-size:25px;\n}\n.av-special-heading.av-lywzky7w-cf8b5091ee3f58462769675afa64c5e4 .av-subheading{\nfont-size:15px;\n}\n<\/style>\n<div  class='av-special-heading av-lywzky7w-cf8b5091ee3f58462769675afa64c5e4 av-special-heading-h2 blockquote modern-quote modern-centered  avia-builder-el-34  el_after_av_textblock  avia-builder-el-last  av-linked-heading'><h2 class='av-special-heading-tag'  itemprop=\"headline\"  >Lobby de la t\u00e9l\u00e9phonie mobile : la modernisation des r\u00e9seaux de donn\u00e9es est importante<\/h2><div class=\"special-heading-border\"><div class=\"special-heading-inner-border\"><\/div><\/div><\/div><\/p><\/div>\n\n<style type=\"text\/css\" data-created_by=\"avia_inline_auto\" id=\"style-css-av-l9m3x-78dd1def36f31da7cfb899dadce81983\">\n.flex_column.av-l9m3x-78dd1def36f31da7cfb899dadce81983{\nborder-radius:0px 0px 0px 0px;\npadding:0px 0px 0px 0px;\n}\n<\/style>\n<div  class='flex_column av-l9m3x-78dd1def36f31da7cfb899dadce81983 av_one_full  avia-builder-el-35  el_after_av_one_full  el_before_av_one_full  first flex_column_div av-zero-column-padding  column-top-margin'     ><p><section  class='av_textblock_section av-lywzlhxn-e3f914485aee8773995a136fdc91b3ef'   itemscope=\"itemscope\" itemtype=\"https:\/\/schema.org\/BlogPosting\" ><div class='avia_textblock'  itemprop=\"text\" ><p>Chaque <a href=\"https:\/\/www.ibes.ch\/fr\/mobile-4\/\">Antenne de t\u00e9l\u00e9phonie mobile<\/a> doit \u00eatre mis \u00e0 jour en permanence, car l'\u00e9volution technologique dans le domaine des t\u00e9l\u00e9communications est tr\u00e8s rapide. Une modernisation continue des r\u00e9seaux de donn\u00e9es est indispensable pour pouvoir continuer \u00e0 g\u00e9rer correctement les volumes croissants de donn\u00e9es et pour garantir l'efficacit\u00e9 et la fiabilit\u00e9 de cette infrastructure de base critique. Pour la norme 5G actuelle, des antennes adaptatives modernes sont utilis\u00e9es. Contrairement aux anciennes antennes (par exemple 3G et 4G), celles-ci sont en mesure d'envoyer les signaux de mani\u00e8re cibl\u00e9e en direction des diff\u00e9rents terminaux. Cela r\u00e9duit fortement la consommation d'\u00e9nergie et diminue l'exposition aux rayonnements pour les non-utilisateurs et les non-utilisatrices. Comme ces antennes plus perfectionn\u00e9es seraient d\u00e9savantag\u00e9es par les m\u00e9thodes d'\u00e9valuation actuelles, un facteur de correction peut \u00eatre appliqu\u00e9 pour compenser. Tous les avantages des antennes adaptatives ne sont pleinement exploit\u00e9s qu'avec le facteur de correction. Le facteur de correction est activ\u00e9 par logiciel.<\/p>\n<p>Jusqu'\u00e0 pr\u00e9sent, selon les recommandations de la Conf\u00e9rence suisse des directeurs cantonaux des travaux publics, de l'am\u00e9nagement du territoire et de l'environnement (DTAP), les cantons avaient deux options pour faire avancer la modernisation sur les sites d'antennes existants :<\/p>\n<ul>\n<li>L'option 1 est l'option la moins avanc\u00e9e, et exige une demande de permis de construire compl\u00e8te en cas de modernisation utilisant une antenne adaptative.<\/li>\n<\/ul>\n<ul>\n<li>L'option 2 va plus loin et permet d'\u00e9tendre les r\u00e9seaux avec des antennes adaptatives tout en respectant le principe de pr\u00e9caution, sans avoir recours \u00e0 une nouvelle proc\u00e9dure ordinaire d'autorisation de construire. C'est ce que l'on appelle une proc\u00e9dure de bagatelle ou de notification.<\/li>\n<\/ul>\n<p>Or, cette pratique \u00e9tablie ne devrait plus \u00eatre valable : Selon un r\u00e9cent jugement du Tribunal f\u00e9d\u00e9ral, la modernisation de trois sites d'antennes \u00e0 Wil, dans le canton de Saint-Gall, n'\u00e9tait pas l\u00e9gale, car le droit d'\u00eatre entendu n'avait pas \u00e9t\u00e9 suffisamment garanti si aucune proc\u00e9dure ordinaire d'autorisation de construire n'avait \u00e9t\u00e9 men\u00e9e. Dans sa derni\u00e8re d\u00e9cision, le Tribunal f\u00e9d\u00e9ral constate que la premi\u00e8re application d'un facteur de correction pour les antennes adaptatives en exige une.<\/p>\n<\/div><\/section><br \/>\n\n<style type=\"text\/css\" data-created_by=\"avia_inline_auto\" id=\"style-css-av-lywzm7ay-0368edbc93c0f890ff323d2cef93b3a7\">\n#top .av-special-heading.av-lywzm7ay-0368edbc93c0f890ff323d2cef93b3a7{\npadding-bottom:10px;\n}\nbody .av-special-heading.av-lywzm7ay-0368edbc93c0f890ff323d2cef93b3a7 .av-special-heading-tag .heading-char{\nfont-size:25px;\n}\n.av-special-heading.av-lywzm7ay-0368edbc93c0f890ff323d2cef93b3a7 .av-subheading{\nfont-size:15px;\n}\n<\/style>\n<div  class='av-special-heading av-lywzm7ay-0368edbc93c0f890ff323d2cef93b3a7 av-special-heading-h2 blockquote modern-quote modern-centered  avia-builder-el-37  el_after_av_textblock  avia-builder-el-last  av-linked-heading'><h2 class='av-special-heading-tag'  itemprop=\"headline\"  >Facteur de correction toujours respect\u00e9 ?<\/h2><div class=\"special-heading-border\"><div class=\"special-heading-inner-border\"><\/div><\/div><\/div><\/p><\/div>\n<style type=\"text\/css\" data-created_by=\"avia_inline_auto\" id=\"style-css-av-11c2hyl-f931c89d11f9a04b49ed5a0e912c7e2b\">\n.flex_column.av-11c2hyl-f931c89d11f9a04b49ed5a0e912c7e2b{\nborder-radius:0px 0px 0px 0px;\npadding:0px 0px 0px 0px;\n}\n<\/style>\n<div  class='flex_column av-11c2hyl-f931c89d11f9a04b49ed5a0e912c7e2b av_one_full  avia-builder-el-38  el_after_av_one_full  el_before_av_one_full  first flex_column_div av-zero-column-padding  column-top-margin'     ><p><section  class='av_textblock_section av-lywzmmmf-05748320e328ad9574457d0270e3a228'   itemscope=\"itemscope\" itemtype=\"https:\/\/schema.org\/BlogPosting\" ><div class='avia_textblock'  itemprop=\"text\" ><p>L'association professionnelle asut fait remarquer que les op\u00e9rateurs de t\u00e9l\u00e9phonie mobile ont toujours respect\u00e9 toutes les directives en vigueur de la Conf\u00e9d\u00e9ration et des cantons lors de l'application du facteur de correction. Selon l'asut, l'application du facteur de correction aux antennes adaptatives n'\u00e9tait donc pas consid\u00e9r\u00e9e comme une modification d'une installation. Les op\u00e9rateurs de t\u00e9l\u00e9phonie mobile \u00e9taient uniquement tenus de remettre \u00e0 l'autorit\u00e9 comp\u00e9tente une fiche de donn\u00e9es sp\u00e9cifiques au site actualis\u00e9e pour des raisons de tra\u00e7abilit\u00e9. C'est ce que l'op\u00e9rateur de t\u00e9l\u00e9phonie mobile a fait dans le cas jug\u00e9.<\/p>\n<\/div><\/section><br \/>\n\n<style type=\"text\/css\" data-created_by=\"avia_inline_auto\" id=\"style-css-av-lywzmum9-6dfbd6b957ec9a5c34b7523a2f4ea61c\">\n#top .av-special-heading.av-lywzmum9-6dfbd6b957ec9a5c34b7523a2f4ea61c{\npadding-bottom:10px;\n}\nbody .av-special-heading.av-lywzmum9-6dfbd6b957ec9a5c34b7523a2f4ea61c .av-special-heading-tag .heading-char{\nfont-size:25px;\n}\n.av-special-heading.av-lywzmum9-6dfbd6b957ec9a5c34b7523a2f4ea61c .av-subheading{\nfont-size:15px;\n}\n<\/style>\n<div  class='av-special-heading av-lywzmum9-6dfbd6b957ec9a5c34b7523a2f4ea61c av-special-heading-h2 blockquote modern-quote modern-centered  avia-builder-el-40  el_after_av_textblock  avia-builder-el-last  av-linked-heading'><h2 class='av-special-heading-tag'  itemprop=\"headline\"  >Une d\u00e9cision contraire \u00e0 la volont\u00e9 politique<\/h2><div class=\"special-heading-border\"><div class=\"special-heading-inner-border\"><\/div><\/div><\/div><\/p><\/div><\/p>\n\n<style type=\"text\/css\" data-created_by=\"avia_inline_auto\" id=\"style-css-av-rj4qjx-f22f0e4e8e9f910021709c08587c7214\">\n.flex_column.av-rj4qjx-f22f0e4e8e9f910021709c08587c7214{\nborder-radius:0px 0px 0px 0px;\npadding:0px 0px 0px 0px;\n}\n<\/style>\n<div  class='flex_column av-rj4qjx-f22f0e4e8e9f910021709c08587c7214 av_one_full  avia-builder-el-41  el_after_av_one_full  avia-builder-el-last  first flex_column_div av-zero-column-padding  column-top-margin'     ><section  class='av_textblock_section av-lywzn2ka-93674ee5a0057ad5e80bf0cef829dae0'   itemscope=\"itemscope\" itemtype=\"https:\/\/schema.org\/BlogPosting\" ><div class='avia_textblock'  itemprop=\"text\" ><p>Selon les op\u00e9rateurs de t\u00e9l\u00e9phonie mobile, la d\u00e9cision du Tribunal f\u00e9d\u00e9ral n'est pas dirig\u00e9e contre la proc\u00e9dure des op\u00e9rateurs de t\u00e9l\u00e9phonie mobile. Le Tribunal f\u00e9d\u00e9ral clarifie plut\u00f4t la question juridique de savoir si les dispositions de l'ORNI (Ordonnance sur la protection contre le rayonnement non ionisant) et les prescriptions de la recommandation d'ex\u00e9cution de l'ORNI sont suffisantes pour appliquer le facteur de correction sans avoir \u00e0 mener une (nouvelle) proc\u00e9dure d'autorisation ordinaire. La d\u00e9cision du Tribunal f\u00e9d\u00e9ral entra\u00eenera un nouvel afflux de proc\u00e9dures d'autorisation de construire, une aggravation de l'engorgement des proc\u00e9dures d\u00e9j\u00e0 existantes et donc de nouveaux retards dans la modernisation des r\u00e9seaux de t\u00e9l\u00e9phonie mobile suisses, contrairement \u00e0 la volont\u00e9 du Parlement.<\/p>\n<\/div><\/section><\/div>\n<p>&nbsp;<\/p>","protected":false},"excerpt":{"rendered":"<p>&nbsp;<\/p>","protected":false},"author":3,"featured_media":20496,"comment_status":"closed","ping_status":"closed","sticky":false,"template":"","format":"standard","meta":{"_acf_changed":false,"footnotes":""},"categories":[58],"tags":[],"class_list":["post-20493","post","type-post","status-publish","format-standard","has-post-thumbnail","hentry","category-news"],"acf":[],"yoast_head":"<!-- This site is optimized with the Yoast SEO plugin v27.4 - https:\/\/yoast.com\/product\/yoast-seo-wordpress\/ -->\n<title>Korrekturfaktor bei 5G adaptiven Antennen bewilligungspflichtig<\/title>\n<meta name=\"description\" content=\"Schweizer Bundesgerichtsurteil verpflichtet Mobilfunklobby nach 3 Jahren Rechtsunsicherheit und Grenzwert\u00fcberschreitungen zu Baubewilligungen.\" \/>\n<meta name=\"robots\" content=\"index, follow, max-snippet:-1, max-image-preview:large, max-video-preview:-1\" \/>\n<link rel=\"canonical\" href=\"https:\/\/www.ibes.ch\/fr\/20493-2\/\" \/>\n<meta property=\"og:locale\" content=\"fr_FR\" \/>\n<meta property=\"og:type\" content=\"article\" \/>\n<meta property=\"og:title\" content=\"Korrekturfaktor bei 5G adaptiven Antennen bewilligungspflichtig\" \/>\n<meta property=\"og:description\" content=\"Schweizer Bundesgerichtsurteil verpflichtet Mobilfunklobby nach 3 Jahren Rechtsunsicherheit und Grenzwert\u00fcberschreitungen zu Baubewilligungen.\" \/>\n<meta property=\"og:url\" content=\"https:\/\/www.ibes.ch\/fr\/20493-2\/\" \/>\n<meta property=\"og:site_name\" content=\"IBES\" \/>\n<meta property=\"article:published_time\" content=\"2024-07-22T12:53:54+00:00\" \/>\n<meta property=\"article:modified_time\" content=\"2024-07-22T13:25:02+00:00\" \/>\n<meta property=\"og:image\" content=\"https:\/\/www.ibes.ch\/wp-content\/uploads\/2024\/07\/adaptive_antennen_5g.jpg\" \/>\n\t<meta property=\"og:image:width\" content=\"1200\" \/>\n\t<meta property=\"og:image:height\" content=\"1016\" \/>\n\t<meta property=\"og:image:type\" content=\"image\/jpeg\" \/>\n<meta name=\"author\" content=\"tgrether\" \/>\n<meta name=\"twitter:card\" content=\"summary_large_image\" \/>\n<meta name=\"twitter:label1\" content=\"\u00c9crit par\" \/>\n\t<meta name=\"twitter:data1\" content=\"tgrether\" \/>\n\t<meta name=\"twitter:label2\" content=\"Dur\u00e9e de lecture estim\u00e9e\" \/>\n\t<meta name=\"twitter:data2\" content=\"38 minutes\" \/>\n<script type=\"application\/ld+json\" class=\"yoast-schema-graph\">{\"@context\":\"https:\\\/\\\/schema.org\",\"@graph\":[{\"@type\":\"Article\",\"@id\":\"https:\\\/\\\/www.ibes.ch\\\/20493-2\\\/#article\",\"isPartOf\":{\"@id\":\"https:\\\/\\\/www.ibes.ch\\\/20493-2\\\/\"},\"author\":{\"name\":\"tgrether\",\"@id\":\"https:\\\/\\\/www.ibes.ch\\\/#\\\/schema\\\/person\\\/dcee37dd08059a9d95fc74ebcb19a905\"},\"headline\":\"Adaptive Antennen: Korrekturfaktor bewilligungspflichtig\",\"datePublished\":\"2024-07-22T12:53:54+00:00\",\"dateModified\":\"2024-07-22T13:25:02+00:00\",\"mainEntityOfPage\":{\"@id\":\"https:\\\/\\\/www.ibes.ch\\\/20493-2\\\/\"},\"wordCount\":5831,\"image\":{\"@id\":\"https:\\\/\\\/www.ibes.ch\\\/20493-2\\\/#primaryimage\"},\"thumbnailUrl\":\"https:\\\/\\\/www.ibes.ch\\\/wp-content\\\/uploads\\\/2024\\\/07\\\/adaptive_antennen_5g.jpg\",\"articleSection\":[\"News\"],\"inLanguage\":\"fr-FR\"},{\"@type\":\"WebPage\",\"@id\":\"https:\\\/\\\/www.ibes.ch\\\/20493-2\\\/\",\"url\":\"https:\\\/\\\/www.ibes.ch\\\/20493-2\\\/\",\"name\":\"Korrekturfaktor bei 5G adaptiven Antennen bewilligungspflichtig\",\"isPartOf\":{\"@id\":\"https:\\\/\\\/www.ibes.ch\\\/#website\"},\"primaryImageOfPage\":{\"@id\":\"https:\\\/\\\/www.ibes.ch\\\/20493-2\\\/#primaryimage\"},\"image\":{\"@id\":\"https:\\\/\\\/www.ibes.ch\\\/20493-2\\\/#primaryimage\"},\"thumbnailUrl\":\"https:\\\/\\\/www.ibes.ch\\\/wp-content\\\/uploads\\\/2024\\\/07\\\/adaptive_antennen_5g.jpg\",\"datePublished\":\"2024-07-22T12:53:54+00:00\",\"dateModified\":\"2024-07-22T13:25:02+00:00\",\"author\":{\"@id\":\"https:\\\/\\\/www.ibes.ch\\\/#\\\/schema\\\/person\\\/dcee37dd08059a9d95fc74ebcb19a905\"},\"description\":\"Schweizer Bundesgerichtsurteil verpflichtet Mobilfunklobby nach 3 Jahren Rechtsunsicherheit und Grenzwert\u00fcberschreitungen zu Baubewilligungen.\",\"breadcrumb\":{\"@id\":\"https:\\\/\\\/www.ibes.ch\\\/20493-2\\\/#breadcrumb\"},\"inLanguage\":\"fr-FR\",\"potentialAction\":[{\"@type\":\"ReadAction\",\"target\":[\"https:\\\/\\\/www.ibes.ch\\\/20493-2\\\/\"]}]},{\"@type\":\"ImageObject\",\"inLanguage\":\"fr-FR\",\"@id\":\"https:\\\/\\\/www.ibes.ch\\\/20493-2\\\/#primaryimage\",\"url\":\"https:\\\/\\\/www.ibes.ch\\\/wp-content\\\/uploads\\\/2024\\\/07\\\/adaptive_antennen_5g.jpg\",\"contentUrl\":\"https:\\\/\\\/www.ibes.ch\\\/wp-content\\\/uploads\\\/2024\\\/07\\\/adaptive_antennen_5g.jpg\",\"width\":1200,\"height\":1016,\"caption\":\"Ein Telekommunikationsturm mit mehreren Antennen und roten Lichtern vor einem teilweise bew\u00f6lkten Himmel.\"},{\"@type\":\"BreadcrumbList\",\"@id\":\"https:\\\/\\\/www.ibes.ch\\\/20493-2\\\/#breadcrumb\",\"itemListElement\":[{\"@type\":\"ListItem\",\"position\":1,\"name\":\"Home\",\"item\":\"https:\\\/\\\/www.ibes.ch\\\/\"},{\"@type\":\"ListItem\",\"position\":2,\"name\":\"Adaptive Antennen: Korrekturfaktor bewilligungspflichtig\"}]},{\"@type\":\"WebSite\",\"@id\":\"https:\\\/\\\/www.ibes.ch\\\/#website\",\"url\":\"https:\\\/\\\/www.ibes.ch\\\/\",\"name\":\"IBES\",\"description\":\"IBES - Ratgeber f\u00fcr Elektrosmog\",\"potentialAction\":[{\"@type\":\"SearchAction\",\"target\":{\"@type\":\"EntryPoint\",\"urlTemplate\":\"https:\\\/\\\/www.ibes.ch\\\/?s={search_term_string}\"},\"query-input\":{\"@type\":\"PropertyValueSpecification\",\"valueRequired\":true,\"valueName\":\"search_term_string\"}}],\"inLanguage\":\"fr-FR\"},{\"@type\":\"Person\",\"@id\":\"https:\\\/\\\/www.ibes.ch\\\/#\\\/schema\\\/person\\\/dcee37dd08059a9d95fc74ebcb19a905\",\"name\":\"tgrether\",\"url\":\"https:\\\/\\\/www.ibes.ch\\\/fr\\\/author\\\/tgrether\\\/\"}]}<\/script>\n<!-- \/ Yoast SEO plugin. -->","yoast_head_json":{"title":"Facteur de correction pour les antennes adaptatives 5G soumis \u00e0 autorisation","description":"Un jugement du Tribunal f\u00e9d\u00e9ral suisse oblige le lobby de la t\u00e9l\u00e9phonie mobile \u00e0 accorder des permis de construire apr\u00e8s 3 ans d'incertitude juridique et de d\u00e9passement des valeurs limites.","robots":{"index":"index","follow":"follow","max-snippet":"max-snippet:-1","max-image-preview":"max-image-preview:large","max-video-preview":"max-video-preview:-1"},"canonical":"https:\/\/www.ibes.ch\/fr\/20493-2\/","og_locale":"fr_FR","og_type":"article","og_title":"Korrekturfaktor bei 5G adaptiven Antennen bewilligungspflichtig","og_description":"Schweizer Bundesgerichtsurteil verpflichtet Mobilfunklobby nach 3 Jahren Rechtsunsicherheit und Grenzwert\u00fcberschreitungen zu Baubewilligungen.","og_url":"https:\/\/www.ibes.ch\/fr\/20493-2\/","og_site_name":"IBES","article_published_time":"2024-07-22T12:53:54+00:00","article_modified_time":"2024-07-22T13:25:02+00:00","og_image":[{"width":1200,"height":1016,"url":"https:\/\/www.ibes.ch\/wp-content\/uploads\/2024\/07\/adaptive_antennen_5g.jpg","type":"image\/jpeg"}],"author":"tgrether","twitter_card":"summary_large_image","twitter_misc":{"\u00c9crit par":"tgrether","Dur\u00e9e de lecture estim\u00e9e":"38 minutes"},"schema":{"@context":"https:\/\/schema.org","@graph":[{"@type":"Article","@id":"https:\/\/www.ibes.ch\/20493-2\/#article","isPartOf":{"@id":"https:\/\/www.ibes.ch\/20493-2\/"},"author":{"name":"tgrether","@id":"https:\/\/www.ibes.ch\/#\/schema\/person\/dcee37dd08059a9d95fc74ebcb19a905"},"headline":"Adaptive Antennen: Korrekturfaktor bewilligungspflichtig","datePublished":"2024-07-22T12:53:54+00:00","dateModified":"2024-07-22T13:25:02+00:00","mainEntityOfPage":{"@id":"https:\/\/www.ibes.ch\/20493-2\/"},"wordCount":5831,"image":{"@id":"https:\/\/www.ibes.ch\/20493-2\/#primaryimage"},"thumbnailUrl":"https:\/\/www.ibes.ch\/wp-content\/uploads\/2024\/07\/adaptive_antennen_5g.jpg","articleSection":["News"],"inLanguage":"fr-FR"},{"@type":"WebPage","@id":"https:\/\/www.ibes.ch\/20493-2\/","url":"https:\/\/www.ibes.ch\/20493-2\/","name":"Facteur de correction pour les antennes adaptatives 5G soumis \u00e0 autorisation","isPartOf":{"@id":"https:\/\/www.ibes.ch\/#website"},"primaryImageOfPage":{"@id":"https:\/\/www.ibes.ch\/20493-2\/#primaryimage"},"image":{"@id":"https:\/\/www.ibes.ch\/20493-2\/#primaryimage"},"thumbnailUrl":"https:\/\/www.ibes.ch\/wp-content\/uploads\/2024\/07\/adaptive_antennen_5g.jpg","datePublished":"2024-07-22T12:53:54+00:00","dateModified":"2024-07-22T13:25:02+00:00","author":{"@id":"https:\/\/www.ibes.ch\/#\/schema\/person\/dcee37dd08059a9d95fc74ebcb19a905"},"description":"Un jugement du Tribunal f\u00e9d\u00e9ral suisse oblige le lobby de la t\u00e9l\u00e9phonie mobile \u00e0 accorder des permis de construire apr\u00e8s 3 ans d'incertitude juridique et de d\u00e9passement des valeurs limites.","breadcrumb":{"@id":"https:\/\/www.ibes.ch\/20493-2\/#breadcrumb"},"inLanguage":"fr-FR","potentialAction":[{"@type":"ReadAction","target":["https:\/\/www.ibes.ch\/20493-2\/"]}]},{"@type":"ImageObject","inLanguage":"fr-FR","@id":"https:\/\/www.ibes.ch\/20493-2\/#primaryimage","url":"https:\/\/www.ibes.ch\/wp-content\/uploads\/2024\/07\/adaptive_antennen_5g.jpg","contentUrl":"https:\/\/www.ibes.ch\/wp-content\/uploads\/2024\/07\/adaptive_antennen_5g.jpg","width":1200,"height":1016,"caption":"Ein Telekommunikationsturm mit mehreren Antennen und roten Lichtern vor einem teilweise bew\u00f6lkten Himmel."},{"@type":"BreadcrumbList","@id":"https:\/\/www.ibes.ch\/20493-2\/#breadcrumb","itemListElement":[{"@type":"ListItem","position":1,"name":"Home","item":"https:\/\/www.ibes.ch\/"},{"@type":"ListItem","position":2,"name":"Adaptive Antennen: Korrekturfaktor bewilligungspflichtig"}]},{"@type":"WebSite","@id":"https:\/\/www.ibes.ch\/#website","url":"https:\/\/www.ibes.ch\/","name":"IBES","description":"IBES - Guide de l'\u00e9lectrosmog","potentialAction":[{"@type":"SearchAction","target":{"@type":"EntryPoint","urlTemplate":"https:\/\/www.ibes.ch\/?s={search_term_string}"},"query-input":{"@type":"PropertyValueSpecification","valueRequired":true,"valueName":"search_term_string"}}],"inLanguage":"fr-FR"},{"@type":"Person","@id":"https:\/\/www.ibes.ch\/#\/schema\/person\/dcee37dd08059a9d95fc74ebcb19a905","name":"tgrether","url":"https:\/\/www.ibes.ch\/fr\/author\/tgrether\/"}]}},"_links":{"self":[{"href":"https:\/\/www.ibes.ch\/fr\/wp-json\/wp\/v2\/posts\/20493","targetHints":{"allow":["GET"]}}],"collection":[{"href":"https:\/\/www.ibes.ch\/fr\/wp-json\/wp\/v2\/posts"}],"about":[{"href":"https:\/\/www.ibes.ch\/fr\/wp-json\/wp\/v2\/types\/post"}],"author":[{"embeddable":true,"href":"https:\/\/www.ibes.ch\/fr\/wp-json\/wp\/v2\/users\/3"}],"replies":[{"embeddable":true,"href":"https:\/\/www.ibes.ch\/fr\/wp-json\/wp\/v2\/comments?post=20493"}],"version-history":[{"count":10,"href":"https:\/\/www.ibes.ch\/fr\/wp-json\/wp\/v2\/posts\/20493\/revisions"}],"predecessor-version":[{"id":20505,"href":"https:\/\/www.ibes.ch\/fr\/wp-json\/wp\/v2\/posts\/20493\/revisions\/20505"}],"wp:featuredmedia":[{"embeddable":true,"href":"https:\/\/www.ibes.ch\/fr\/wp-json\/wp\/v2\/media\/20496"}],"wp:attachment":[{"href":"https:\/\/www.ibes.ch\/fr\/wp-json\/wp\/v2\/media?parent=20493"}],"wp:term":[{"taxonomy":"category","embeddable":true,"href":"https:\/\/www.ibes.ch\/fr\/wp-json\/wp\/v2\/categories?post=20493"},{"taxonomy":"post_tag","embeddable":true,"href":"https:\/\/www.ibes.ch\/fr\/wp-json\/wp\/v2\/tags?post=20493"}],"curies":[{"name":"wp","href":"https:\/\/api.w.org\/{rel}","templated":true}]}}