{"id":10283,"date":"2018-12-30T16:43:59","date_gmt":"2018-12-30T15:43:59","guid":{"rendered":"https:\/\/www.ibes.ch\/handy-das-gedaechtnis-von-jugendlichen-leidet\/"},"modified":"2023-08-11T10:04:15","modified_gmt":"2023-08-11T08:04:15","slug":"le-telephone-portable-affecte-la-memoire-des-adolescents","status":"publish","type":"post","link":"https:\/\/www.ibes.ch\/fr\/handy-das-gedaechtnis-von-jugendlichen-leidet\/","title":{"rendered":"T\u00e9l\u00e9phone portable : la m\u00e9moire des jeunes souffre"},"content":{"rendered":"<style type=\"text\/css\" data-created_by=\"avia_inline_auto\" id=\"style-css-av-av_heading-8ac887fcb674539693223e6382200ae2\">\n#top .av-special-heading.av-av_heading-8ac887fcb674539693223e6382200ae2{\npadding-bottom:19px;\n}\nbody .av-special-heading.av-av_heading-8ac887fcb674539693223e6382200ae2 .av-special-heading-tag .heading-char{\nfont-size:25px;\n}\n.av-special-heading.av-av_heading-8ac887fcb674539693223e6382200ae2 .av-subheading{\nfont-size:20px;\n}\n<\/style>\n<div  class='av-special-heading av-av_heading-8ac887fcb674539693223e6382200ae2 av-special-heading-h1 blockquote modern-quote modern-centered  avia-builder-el-0  el_before_av_hr  avia-builder-el-first'><h1 class='av-special-heading-tag'  itemprop=\"headline\"  >Les radiations des t\u00e9l\u00e9phones portables : La m\u00e9moire des jeunes souffre<\/h1><div class=\"special-heading-border\"><div class=\"special-heading-inner-border\"><\/div><\/div><\/div>\n<div  class='hr av-aue7n2-e30d11672c1926c4b838dbe0728bd62f hr-short  avia-builder-el-1  el_after_av_heading  el_before_av_one_full  hr-center'><span class='hr-inner'><span class=\"hr-inner-style\"><\/span><\/span><\/div>\n\n<style type=\"text\/css\" data-created_by=\"avia_inline_auto\" id=\"style-css-av-6juc6q-c0aa6f872cd7ef98a1c7619388aba72a\">\n#top .flex_column.av-6juc6q-c0aa6f872cd7ef98a1c7619388aba72a{\nmargin-top:15px;\nmargin-bottom:0px;\n}\n.flex_column.av-6juc6q-c0aa6f872cd7ef98a1c7619388aba72a{\nborder-radius:0px 0px 0px 0px;\npadding:0px 0px 0px 0px;\n}\n.responsive #top #wrap_all .flex_column.av-6juc6q-c0aa6f872cd7ef98a1c7619388aba72a{\nmargin-top:15px;\nmargin-bottom:0px;\n}\n<\/style>\n<div  class='flex_column av-6juc6q-c0aa6f872cd7ef98a1c7619388aba72a av_one_full  avia-builder-el-2  el_after_av_hr  el_before_av_one_half  first flex_column_div av-zero-column-padding'     ><section  class='av_textblock_section av-jl24retw-a9c8ffe6c84e238529126511a8cc5444'   itemscope=\"itemscope\" itemtype=\"https:\/\/schema.org\/BlogPosting\" ><div class='avia_textblock'  itemprop=\"text\" ><p>Une autre constatation qui remet en question l'utilisation fr\u00e9quente du t\u00e9l\u00e9phone portable : Une \u00e9tude men\u00e9e aupr\u00e8s de jeunes montre que leur m\u00e9moire fonctionne moins bien. Le cerveau humain est particuli\u00e8rement expos\u00e9 lorsqu'il parle au t\u00e9l\u00e9phone. La dose de rayonnement \u00e9mise par les t\u00e9l\u00e9phones mobiles a une influence sur le fonctionnement du syst\u00e8me nerveux central. Du moins chez les adolescents, comme le montre une \u00e9tude publi\u00e9e en 2018 dans la revue \"Environmental Health Perspectives\".<\/p>\n<h3>700 jeunes ayant un t\u00e9l\u00e9phone portable examin\u00e9s<strong><br \/>\n<\/strong><\/h3>\n<p>Pr\u00e8s de 700 jeunes \u00e2g\u00e9s de 12 \u00e0 17 ans ont \u00e9t\u00e9 examin\u00e9s. Selon Martin R\u00f6\u00f6sli, de l'Institut tropical et de sant\u00e9 publique suisse, l'int\u00e9r\u00eat principal \u00e9tait l'effet de l'exposition aux rayonnements sur la m\u00e9moire des jeunes. D'apr\u00e8s les \u00e9tudes de laboratoire d\u00e9j\u00e0 r\u00e9alis\u00e9es, on sait que les rayonnements des t\u00e9l\u00e9phones mobiles modifient les ondes c\u00e9r\u00e9brales des personnes endormies.<\/p>\n<h3>R\u00e9sultats de l'\u00e9tude<\/h3>\n<p>La majorit\u00e9 de la performance de la m\u00e9moire est localis\u00e9e sur le c\u00f4t\u00e9 droit. C'est l\u00e0 que plus de 80% des jeunes tiennent leur t\u00e9l\u00e9phone mobile lorsqu'ils sont au t\u00e9l\u00e9phone. Les r\u00e9sultats montrent :<\/p>\n<ul>\n<li>L'\u00e9tude d'un an r\u00e9v\u00e8le que les radiations ont un effet n\u00e9gatif sur le cerveau et la m\u00e9moire. Les r\u00e9sultats sont significatifs pour la m\u00e9moire figur\u00e9e, qui devient active lorsqu'on doit se souvenir de quelque chose, comme des figures abstraites.<\/li>\n<li>La situation n'est pas tout \u00e0 fait claire pour la m\u00e9moire verbale. Les utilisateurs du t\u00e9l\u00e9phone gauche ont connu une d\u00e9t\u00e9rioration dans cette zone, mais comme le groupe de participants \u00e9tait petit, ces r\u00e9sultats pourraient aussi \u00eatre une co\u00efncidence.<\/li>\n<li>Toutefois, le sch\u00e9ma des r\u00e9sultats tend \u00e0 sugg\u00e9rer que les rayonnements \u00e9lectromagn\u00e9tiques en sont effectivement la cause.<\/li>\n<\/ul>\n<\/div><\/section><\/div>\n\n<style type=\"text\/css\" data-created_by=\"avia_inline_auto\" id=\"style-css-av-44yc5u-754e754788f8433233316abe272a9b40\">\n#top .flex_column.av-44yc5u-754e754788f8433233316abe272a9b40{\nmargin-top:30px;\nmargin-bottom:30px;\n}\n.flex_column.av-44yc5u-754e754788f8433233316abe272a9b40{\nborder-radius:0px 0px 0px 0px;\npadding:0px 0px 0px 0px;\n}\n.responsive #top #wrap_all .flex_column.av-44yc5u-754e754788f8433233316abe272a9b40{\nmargin-top:30px;\nmargin-bottom:30px;\n}\n<\/style>\n<div  class='flex_column av-44yc5u-754e754788f8433233316abe272a9b40 av_one_half  avia-builder-el-4  el_after_av_one_full  el_before_av_one_half  first flex_column_div av-zero-column-padding  column-top-margin'     ><p>\n<style type=\"text\/css\" data-created_by=\"avia_inline_auto\" id=\"style-css-av-jl24rzb3-ecc3825e37140756e915e26ca2566d46\">\n.avia-image-container.av-jl24rzb3-ecc3825e37140756e915e26ca2566d46 img.avia_image{\nbox-shadow:none;\n}\n.avia-image-container.av-jl24rzb3-ecc3825e37140756e915e26ca2566d46 .av-image-caption-overlay-center{\ncolor:#ffffff;\n}\n<\/style>\n<div  class='avia-image-container av-jl24rzb3-ecc3825e37140756e915e26ca2566d46 av-styling- av-img-linked avia-align-center  avia-builder-el-5  el_before_av_textblock  avia-builder-el-first'  ><div class=\"avia-image-container-inner\"><div class=\"avia-image-overlay-wrap\"><a href=\"https:\/\/www.ibes.ch\/wp-content\/uploads\/2018\/12\/maedchen_mit_handy.jpg\" data-srcset=\"https:\/\/www.ibes.ch\/wp-content\/uploads\/2018\/12\/maedchen_mit_handy.jpg 840w, https:\/\/www.ibes.ch\/wp-content\/uploads\/2018\/12\/maedchen_mit_handy-600x400.jpg 600w, https:\/\/www.ibes.ch\/wp-content\/uploads\/2018\/12\/maedchen_mit_handy-300x200.jpg 300w, https:\/\/www.ibes.ch\/wp-content\/uploads\/2018\/12\/maedchen_mit_handy-768x512.jpg 768w, https:\/\/www.ibes.ch\/wp-content\/uploads\/2018\/12\/maedchen_mit_handy-705x470.jpg 705w\" data-sizes=\"(max-width: 840px) 100vw, 840px\" class='avia_image'  aria-label='Une fille qui parle au t\u00e9l\u00e9phone'><img decoding=\"async\" fetchpriority=\"high\" class='wp-image-10275 avia-img-lazy-loading-not-10275 avia_image' src=\"https:\/\/www.ibes.ch\/wp-content\/uploads\/2018\/12\/maedchen_mit_handy.jpg\" alt='Fille parlant au t\u00e9l\u00e9phone portable' title='Une fille qui parle au t\u00e9l\u00e9phone'  height=\"560\" width=\"840\"  itemprop=\"thumbnailUrl\" srcset=\"https:\/\/www.ibes.ch\/wp-content\/uploads\/2018\/12\/maedchen_mit_handy.jpg 840w, https:\/\/www.ibes.ch\/wp-content\/uploads\/2018\/12\/maedchen_mit_handy-600x400.jpg 600w, https:\/\/www.ibes.ch\/wp-content\/uploads\/2018\/12\/maedchen_mit_handy-300x200.jpg 300w, https:\/\/www.ibes.ch\/wp-content\/uploads\/2018\/12\/maedchen_mit_handy-768x512.jpg 768w, https:\/\/www.ibes.ch\/wp-content\/uploads\/2018\/12\/maedchen_mit_handy-705x470.jpg 705w\" sizes=\"(max-width: 840px) 100vw, 840px\" \/><\/a><\/div><\/div><\/div><br \/>\n<section  class='av_textblock_section av-jl24retw-a9c8ffe6c84e238529126511a8cc5444'   itemscope=\"itemscope\" itemtype=\"https:\/\/schema.org\/BlogPosting\" ><div class='avia_textblock'  itemprop=\"text\" ><p>Un regard r\u00e9fl\u00e9chi : Une fille avec un t\u00e9l\u00e9phone portable.<\/p>\n<\/div><\/section><\/p><\/div>\n\n<style type=\"text\/css\" data-created_by=\"avia_inline_auto\" id=\"style-css-av-2j5kr6-9ddc0fa79c27de95ceb4522fb053bfe5\">\n#top .flex_column.av-2j5kr6-9ddc0fa79c27de95ceb4522fb053bfe5{\nmargin-top:30px;\nmargin-bottom:30px;\n}\n.flex_column.av-2j5kr6-9ddc0fa79c27de95ceb4522fb053bfe5{\nborder-radius:0px 0px 0px 0px;\npadding:0px 0px 0px 0px;\n}\n.responsive #top #wrap_all .flex_column.av-2j5kr6-9ddc0fa79c27de95ceb4522fb053bfe5{\nmargin-top:30px;\nmargin-bottom:30px;\n}\n<\/style>\n<div  class='flex_column av-2j5kr6-9ddc0fa79c27de95ceb4522fb053bfe5 av_one_half  avia-builder-el-7  el_after_av_one_half  el_before_av_one_full  flex_column_div av-zero-column-padding  column-top-margin'     ><p>\n<style type=\"text\/css\" data-created_by=\"avia_inline_auto\" id=\"style-css-av-jl24rzb3-8ab25434a1178059741b42bf6b39d89c\">\n.avia-image-container.av-jl24rzb3-8ab25434a1178059741b42bf6b39d89c img.avia_image{\nbox-shadow:none;\n}\n.avia-image-container.av-jl24rzb3-8ab25434a1178059741b42bf6b39d89c .av-image-caption-overlay-center{\ncolor:#ffffff;\n}\n<\/style>\n<div  class='avia-image-container av-jl24rzb3-8ab25434a1178059741b42bf6b39d89c av-styling- av-img-linked avia-align-center  avia-builder-el-8  el_before_av_textblock  avia-builder-el-first'  ><div class=\"avia-image-container-inner\"><div class=\"avia-image-overlay-wrap\"><a href=\"https:\/\/www.ibes.ch\/wp-content\/uploads\/2018\/12\/jugendlicher_natel_ohr.jpg\" data-srcset=\"https:\/\/www.ibes.ch\/wp-content\/uploads\/2018\/12\/jugendlicher_natel_ohr.jpg 840w, https:\/\/www.ibes.ch\/wp-content\/uploads\/2018\/12\/jugendlicher_natel_ohr-600x400.jpg 600w, https:\/\/www.ibes.ch\/wp-content\/uploads\/2018\/12\/jugendlicher_natel_ohr-300x200.jpg 300w, https:\/\/www.ibes.ch\/wp-content\/uploads\/2018\/12\/jugendlicher_natel_ohr-768x512.jpg 768w, https:\/\/www.ibes.ch\/wp-content\/uploads\/2018\/12\/jugendlicher_natel_ohr-705x470.jpg 705w\" data-sizes=\"(max-width: 840px) 100vw, 840px\" class='avia_image'  aria-label='Jeune avec un t\u00e9l\u00e9phone portable \u00e0 l&#039;oreille'><img decoding=\"async\" fetchpriority=\"high\" class='wp-image-10277 avia-img-lazy-loading-not-10277 avia_image' src=\"https:\/\/www.ibes.ch\/wp-content\/uploads\/2018\/12\/jugendlicher_natel_ohr.jpg\" alt='Un jeune tient un t\u00e9l\u00e9phone portable \u00e0 l&#039;oreille' title='Jeune avec un t\u00e9l\u00e9phone portable \u00e0 l&#039;oreille'  height=\"560\" width=\"840\"  itemprop=\"thumbnailUrl\" srcset=\"https:\/\/www.ibes.ch\/wp-content\/uploads\/2018\/12\/jugendlicher_natel_ohr.jpg 840w, https:\/\/www.ibes.ch\/wp-content\/uploads\/2018\/12\/jugendlicher_natel_ohr-600x400.jpg 600w, https:\/\/www.ibes.ch\/wp-content\/uploads\/2018\/12\/jugendlicher_natel_ohr-300x200.jpg 300w, https:\/\/www.ibes.ch\/wp-content\/uploads\/2018\/12\/jugendlicher_natel_ohr-768x512.jpg 768w, https:\/\/www.ibes.ch\/wp-content\/uploads\/2018\/12\/jugendlicher_natel_ohr-705x470.jpg 705w\" sizes=\"(max-width: 840px) 100vw, 840px\" \/><\/a><\/div><\/div><\/div><br \/>\n<section  class='av_textblock_section av-jl24retw-a9c8ffe6c84e238529126511a8cc5444'   itemscope=\"itemscope\" itemtype=\"https:\/\/schema.org\/BlogPosting\" ><div class='avia_textblock'  itemprop=\"text\" ><p>Effet sur le cerveau : le rayonnement p\u00e9n\u00e8tre dans la t\u00eate.<\/p>\n<\/div><\/section><\/p><\/div>\n\n<style type=\"text\/css\" data-created_by=\"avia_inline_auto\" id=\"style-css-av-6juc6q-c0aa6f872cd7ef98a1c7619388aba72a\">\n#top .flex_column.av-6juc6q-c0aa6f872cd7ef98a1c7619388aba72a{\nmargin-top:15px;\nmargin-bottom:0px;\n}\n.flex_column.av-6juc6q-c0aa6f872cd7ef98a1c7619388aba72a{\nborder-radius:0px 0px 0px 0px;\npadding:0px 0px 0px 0px;\n}\n.responsive #top #wrap_all .flex_column.av-6juc6q-c0aa6f872cd7ef98a1c7619388aba72a{\nmargin-top:15px;\nmargin-bottom:0px;\n}\n<\/style>\n<div  class='flex_column av-6juc6q-c0aa6f872cd7ef98a1c7619388aba72a av_one_full  avia-builder-el-10  el_after_av_one_half  avia-builder-el-last  first flex_column_div av-zero-column-padding  column-top-margin'     ><section  class='av_textblock_section av-jl24retw-0762f8d2db3c527f9d5d9f84dc9ce324'   itemscope=\"itemscope\" itemtype=\"https:\/\/schema.org\/BlogPosting\" ><div class='avia_textblock'  itemprop=\"text\" ><h3>Une clarification approfondie est n\u00e9cessaire<\/h3>\n<p>Selon les scientifiques, la pertinence de ces r\u00e9sultats n'est pas encore claire. Surtout si l'on consid\u00e8re le parcours \u00e0 long terme - une <a href=\"\/fr\/?page_id=8318\">Mesure de l'\u00e9lectrosmog<\/a> est indiqu\u00e9. En outre, l'effet n'est pas \u00e9norme, comme le montre l'\u00e9tude :<\/p>\n<ul>\n<li>Ainsi, les \u00e9l\u00e8ves fortement expos\u00e9s aux rayonnements ont obtenu des r\u00e9sultats inf\u00e9rieurs de 0,2 \u00e0 0,3 point aux tests (avec un maximum de 13 points) par rapport \u00e0 leurs camarades moins expos\u00e9s.<\/li>\n<li>Une enqu\u00eate plus approfondie est donc importante. \u00c0 ce jour, on ne sait pas exactement comment les rayonnements \u00e9lectromagn\u00e9tiques \u00e0 haute fr\u00e9quence peuvent affecter le syst\u00e8me nerveux central. <a href=\"\/fr\/?page_id=9973\">Fonctionnement du cerveau<\/a> peuvent interf\u00e9rer.<\/li>\n<li>Ainsi, des \u00e9tudes en laboratoire sur des tissus montrent que l'effet pourrait \u00eatre m\u00e9di\u00e9 par le stress oxydatif dans les cellules.<\/li>\n<\/ul>\n<p>Le r\u00e9seau de t\u00e9l\u00e9phonie mobile utilis\u00e9 joue \u00e9galement un r\u00f4le dans l'exposition. Le GSM a une exposition jusqu'\u00e0 500 fois sup\u00e9rieure \u00e0 celle de l'UMTS. La mani\u00e8re dont la nouvelle norme 5G se comportera n'est pas encore totalement claire, selon les scientifiques.<\/p>\n<\/div><\/section><\/div>","protected":false},"excerpt":{"rendered":"","protected":false},"author":3,"featured_media":10278,"comment_status":"open","ping_status":"open","sticky":false,"template":"","format":"standard","meta":{"_acf_changed":false,"footnotes":""},"categories":[58],"tags":[],"class_list":["post-10283","post","type-post","status-publish","format-standard","has-post-thumbnail","hentry","category-news"],"acf":[],"yoast_head":"<!-- This site is optimized with the Yoast SEO plugin v27.5 - https:\/\/yoast.com\/product\/yoast-seo-wordpress\/ -->\n<title>Handy Strahlen: Das Ged\u00e4chtnis von Jugendlichen leidet<\/title>\n<meta name=\"description\" content=\"Die Strahlung von Handys kann bei Jugendlichen das Ged\u00e4chtnis beeintr\u00e4chtigen. Dies zeigt eine Studie. Vor allem Vieltelefonierer sind betroffen.\" \/>\n<meta name=\"robots\" content=\"index, follow, max-snippet:-1, max-image-preview:large, max-video-preview:-1\" \/>\n<link rel=\"canonical\" href=\"https:\/\/www.ibes.ch\/fr\/le-telephone-portable-affecte-la-memoire-des-adolescents\/\" \/>\n<meta property=\"og:locale\" content=\"fr_FR\" \/>\n<meta property=\"og:type\" content=\"article\" \/>\n<meta property=\"og:title\" content=\"Handy Strahlen: Das Ged\u00e4chtnis von Jugendlichen leidet\" \/>\n<meta property=\"og:description\" content=\"Die Strahlung von Handys kann bei Jugendlichen das Ged\u00e4chtnis beeintr\u00e4chtigen. Dies zeigt eine Studie. Vor allem Vieltelefonierer sind betroffen.\" \/>\n<meta property=\"og:url\" content=\"https:\/\/www.ibes.ch\/fr\/le-telephone-portable-affecte-la-memoire-des-adolescents\/\" \/>\n<meta property=\"og:site_name\" content=\"IBES\" \/>\n<meta property=\"article:published_time\" content=\"2018-12-30T15:43:59+00:00\" \/>\n<meta property=\"article:modified_time\" content=\"2023-08-11T08:04:15+00:00\" \/>\n<meta property=\"og:image\" content=\"https:\/\/www.ibes.ch\/wp-content\/uploads\/2018\/12\/jugendlicher_natel_ohr.jpg\" \/>\n\t<meta property=\"og:image:width\" content=\"840\" \/>\n\t<meta property=\"og:image:height\" content=\"560\" \/>\n\t<meta property=\"og:image:type\" content=\"image\/jpeg\" \/>\n<meta name=\"author\" content=\"tgrether\" \/>\n<meta name=\"twitter:card\" content=\"summary_large_image\" \/>\n<meta name=\"twitter:label1\" content=\"\u00c9crit par\" \/>\n\t<meta name=\"twitter:data1\" content=\"tgrether\" \/>\n\t<meta name=\"twitter:label2\" content=\"Dur\u00e9e de lecture estim\u00e9e\" \/>\n\t<meta name=\"twitter:data2\" content=\"6 minutes\" \/>\n<script type=\"application\/ld+json\" class=\"yoast-schema-graph\">{\"@context\":\"https:\\\/\\\/schema.org\",\"@graph\":[{\"@type\":\"Article\",\"@id\":\"https:\\\/\\\/www.ibes.ch\\\/handy-das-gedaechtnis-von-jugendlichen-leidet\\\/#article\",\"isPartOf\":{\"@id\":\"https:\\\/\\\/www.ibes.ch\\\/handy-das-gedaechtnis-von-jugendlichen-leidet\\\/\"},\"author\":{\"name\":\"tgrether\",\"@id\":\"https:\\\/\\\/www.ibes.ch\\\/#\\\/schema\\\/person\\\/dcee37dd08059a9d95fc74ebcb19a905\"},\"headline\":\"Handy: Das Ged\u00e4chtnis von Jugendlichen leidet\",\"datePublished\":\"2018-12-30T15:43:59+00:00\",\"dateModified\":\"2023-08-11T08:04:15+00:00\",\"mainEntityOfPage\":{\"@id\":\"https:\\\/\\\/www.ibes.ch\\\/handy-das-gedaechtnis-von-jugendlichen-leidet\\\/\"},\"wordCount\":953,\"commentCount\":0,\"image\":{\"@id\":\"https:\\\/\\\/www.ibes.ch\\\/handy-das-gedaechtnis-von-jugendlichen-leidet\\\/#primaryimage\"},\"thumbnailUrl\":\"https:\\\/\\\/www.ibes.ch\\\/wp-content\\\/uploads\\\/2018\\\/12\\\/jugendlicher_natel_ohr.jpg\",\"articleSection\":[\"News\"],\"inLanguage\":\"fr-FR\",\"potentialAction\":[{\"@type\":\"CommentAction\",\"name\":\"Comment\",\"target\":[\"https:\\\/\\\/www.ibes.ch\\\/handy-das-gedaechtnis-von-jugendlichen-leidet\\\/#respond\"]}]},{\"@type\":\"WebPage\",\"@id\":\"https:\\\/\\\/www.ibes.ch\\\/handy-das-gedaechtnis-von-jugendlichen-leidet\\\/\",\"url\":\"https:\\\/\\\/www.ibes.ch\\\/handy-das-gedaechtnis-von-jugendlichen-leidet\\\/\",\"name\":\"Handy Strahlen: Das Ged\u00e4chtnis von Jugendlichen leidet\",\"isPartOf\":{\"@id\":\"https:\\\/\\\/www.ibes.ch\\\/#website\"},\"primaryImageOfPage\":{\"@id\":\"https:\\\/\\\/www.ibes.ch\\\/handy-das-gedaechtnis-von-jugendlichen-leidet\\\/#primaryimage\"},\"image\":{\"@id\":\"https:\\\/\\\/www.ibes.ch\\\/handy-das-gedaechtnis-von-jugendlichen-leidet\\\/#primaryimage\"},\"thumbnailUrl\":\"https:\\\/\\\/www.ibes.ch\\\/wp-content\\\/uploads\\\/2018\\\/12\\\/jugendlicher_natel_ohr.jpg\",\"datePublished\":\"2018-12-30T15:43:59+00:00\",\"dateModified\":\"2023-08-11T08:04:15+00:00\",\"author\":{\"@id\":\"https:\\\/\\\/www.ibes.ch\\\/#\\\/schema\\\/person\\\/dcee37dd08059a9d95fc74ebcb19a905\"},\"description\":\"Die Strahlung von Handys kann bei Jugendlichen das Ged\u00e4chtnis beeintr\u00e4chtigen. Dies zeigt eine Studie. Vor allem Vieltelefonierer sind betroffen.\",\"breadcrumb\":{\"@id\":\"https:\\\/\\\/www.ibes.ch\\\/handy-das-gedaechtnis-von-jugendlichen-leidet\\\/#breadcrumb\"},\"inLanguage\":\"fr-FR\",\"potentialAction\":[{\"@type\":\"ReadAction\",\"target\":[\"https:\\\/\\\/www.ibes.ch\\\/handy-das-gedaechtnis-von-jugendlichen-leidet\\\/\"]}]},{\"@type\":\"ImageObject\",\"inLanguage\":\"fr-FR\",\"@id\":\"https:\\\/\\\/www.ibes.ch\\\/handy-das-gedaechtnis-von-jugendlichen-leidet\\\/#primaryimage\",\"url\":\"https:\\\/\\\/www.ibes.ch\\\/wp-content\\\/uploads\\\/2018\\\/12\\\/jugendlicher_natel_ohr.jpg\",\"contentUrl\":\"https:\\\/\\\/www.ibes.ch\\\/wp-content\\\/uploads\\\/2018\\\/12\\\/jugendlicher_natel_ohr.jpg\",\"width\":840,\"height\":560,\"caption\":\"Jugendlicher h\u00e4lt das Handy ans Ohr\"},{\"@type\":\"BreadcrumbList\",\"@id\":\"https:\\\/\\\/www.ibes.ch\\\/handy-das-gedaechtnis-von-jugendlichen-leidet\\\/#breadcrumb\",\"itemListElement\":[{\"@type\":\"ListItem\",\"position\":1,\"name\":\"Home\",\"item\":\"https:\\\/\\\/www.ibes.ch\\\/\"},{\"@type\":\"ListItem\",\"position\":2,\"name\":\"Handy: Das Ged\u00e4chtnis von Jugendlichen leidet\"}]},{\"@type\":\"WebSite\",\"@id\":\"https:\\\/\\\/www.ibes.ch\\\/#website\",\"url\":\"https:\\\/\\\/www.ibes.ch\\\/\",\"name\":\"IBES\",\"description\":\"IBES - Ratgeber f\u00fcr Elektrosmog\",\"potentialAction\":[{\"@type\":\"SearchAction\",\"target\":{\"@type\":\"EntryPoint\",\"urlTemplate\":\"https:\\\/\\\/www.ibes.ch\\\/?s={search_term_string}\"},\"query-input\":{\"@type\":\"PropertyValueSpecification\",\"valueRequired\":true,\"valueName\":\"search_term_string\"}}],\"inLanguage\":\"fr-FR\"},{\"@type\":\"Person\",\"@id\":\"https:\\\/\\\/www.ibes.ch\\\/#\\\/schema\\\/person\\\/dcee37dd08059a9d95fc74ebcb19a905\",\"name\":\"tgrether\",\"url\":\"https:\\\/\\\/www.ibes.ch\\\/fr\\\/author\\\/tgrether\\\/\"}]}<\/script>\n<!-- \/ Yoast SEO plugin. -->","yoast_head_json":{"title":"Les radiations des t\u00e9l\u00e9phones portables : La m\u00e9moire des jeunes souffre","description":"Le rayonnement des t\u00e9l\u00e9phones portables peut affecter la m\u00e9moire des jeunes. C'est ce que montre une \u00e9tude. Ce sont surtout les personnes qui t\u00e9l\u00e9phonent beaucoup qui sont concern\u00e9es.","robots":{"index":"index","follow":"follow","max-snippet":"max-snippet:-1","max-image-preview":"max-image-preview:large","max-video-preview":"max-video-preview:-1"},"canonical":"https:\/\/www.ibes.ch\/fr\/le-telephone-portable-affecte-la-memoire-des-adolescents\/","og_locale":"fr_FR","og_type":"article","og_title":"Handy Strahlen: Das Ged\u00e4chtnis von Jugendlichen leidet","og_description":"Die Strahlung von Handys kann bei Jugendlichen das Ged\u00e4chtnis beeintr\u00e4chtigen. Dies zeigt eine Studie. Vor allem Vieltelefonierer sind betroffen.","og_url":"https:\/\/www.ibes.ch\/fr\/le-telephone-portable-affecte-la-memoire-des-adolescents\/","og_site_name":"IBES","article_published_time":"2018-12-30T15:43:59+00:00","article_modified_time":"2023-08-11T08:04:15+00:00","og_image":[{"width":840,"height":560,"url":"https:\/\/www.ibes.ch\/wp-content\/uploads\/2018\/12\/jugendlicher_natel_ohr.jpg","type":"image\/jpeg"}],"author":"tgrether","twitter_card":"summary_large_image","twitter_misc":{"\u00c9crit par":"tgrether","Dur\u00e9e de lecture estim\u00e9e":"6 minutes"},"schema":{"@context":"https:\/\/schema.org","@graph":[{"@type":"Article","@id":"https:\/\/www.ibes.ch\/handy-das-gedaechtnis-von-jugendlichen-leidet\/#article","isPartOf":{"@id":"https:\/\/www.ibes.ch\/handy-das-gedaechtnis-von-jugendlichen-leidet\/"},"author":{"name":"tgrether","@id":"https:\/\/www.ibes.ch\/#\/schema\/person\/dcee37dd08059a9d95fc74ebcb19a905"},"headline":"Handy: Das Ged\u00e4chtnis von Jugendlichen leidet","datePublished":"2018-12-30T15:43:59+00:00","dateModified":"2023-08-11T08:04:15+00:00","mainEntityOfPage":{"@id":"https:\/\/www.ibes.ch\/handy-das-gedaechtnis-von-jugendlichen-leidet\/"},"wordCount":953,"commentCount":0,"image":{"@id":"https:\/\/www.ibes.ch\/handy-das-gedaechtnis-von-jugendlichen-leidet\/#primaryimage"},"thumbnailUrl":"https:\/\/www.ibes.ch\/wp-content\/uploads\/2018\/12\/jugendlicher_natel_ohr.jpg","articleSection":["News"],"inLanguage":"fr-FR","potentialAction":[{"@type":"CommentAction","name":"Comment","target":["https:\/\/www.ibes.ch\/handy-das-gedaechtnis-von-jugendlichen-leidet\/#respond"]}]},{"@type":"WebPage","@id":"https:\/\/www.ibes.ch\/handy-das-gedaechtnis-von-jugendlichen-leidet\/","url":"https:\/\/www.ibes.ch\/handy-das-gedaechtnis-von-jugendlichen-leidet\/","name":"Les radiations des t\u00e9l\u00e9phones portables : La m\u00e9moire des jeunes souffre","isPartOf":{"@id":"https:\/\/www.ibes.ch\/#website"},"primaryImageOfPage":{"@id":"https:\/\/www.ibes.ch\/handy-das-gedaechtnis-von-jugendlichen-leidet\/#primaryimage"},"image":{"@id":"https:\/\/www.ibes.ch\/handy-das-gedaechtnis-von-jugendlichen-leidet\/#primaryimage"},"thumbnailUrl":"https:\/\/www.ibes.ch\/wp-content\/uploads\/2018\/12\/jugendlicher_natel_ohr.jpg","datePublished":"2018-12-30T15:43:59+00:00","dateModified":"2023-08-11T08:04:15+00:00","author":{"@id":"https:\/\/www.ibes.ch\/#\/schema\/person\/dcee37dd08059a9d95fc74ebcb19a905"},"description":"Le rayonnement des t\u00e9l\u00e9phones portables peut affecter la m\u00e9moire des jeunes. C'est ce que montre une \u00e9tude. Ce sont surtout les personnes qui t\u00e9l\u00e9phonent beaucoup qui sont concern\u00e9es.","breadcrumb":{"@id":"https:\/\/www.ibes.ch\/handy-das-gedaechtnis-von-jugendlichen-leidet\/#breadcrumb"},"inLanguage":"fr-FR","potentialAction":[{"@type":"ReadAction","target":["https:\/\/www.ibes.ch\/handy-das-gedaechtnis-von-jugendlichen-leidet\/"]}]},{"@type":"ImageObject","inLanguage":"fr-FR","@id":"https:\/\/www.ibes.ch\/handy-das-gedaechtnis-von-jugendlichen-leidet\/#primaryimage","url":"https:\/\/www.ibes.ch\/wp-content\/uploads\/2018\/12\/jugendlicher_natel_ohr.jpg","contentUrl":"https:\/\/www.ibes.ch\/wp-content\/uploads\/2018\/12\/jugendlicher_natel_ohr.jpg","width":840,"height":560,"caption":"Jugendlicher h\u00e4lt das Handy ans Ohr"},{"@type":"BreadcrumbList","@id":"https:\/\/www.ibes.ch\/handy-das-gedaechtnis-von-jugendlichen-leidet\/#breadcrumb","itemListElement":[{"@type":"ListItem","position":1,"name":"Home","item":"https:\/\/www.ibes.ch\/"},{"@type":"ListItem","position":2,"name":"Handy: Das Ged\u00e4chtnis von Jugendlichen leidet"}]},{"@type":"WebSite","@id":"https:\/\/www.ibes.ch\/#website","url":"https:\/\/www.ibes.ch\/","name":"IBES","description":"IBES - Guide de l'\u00e9lectrosmog","potentialAction":[{"@type":"SearchAction","target":{"@type":"EntryPoint","urlTemplate":"https:\/\/www.ibes.ch\/?s={search_term_string}"},"query-input":{"@type":"PropertyValueSpecification","valueRequired":true,"valueName":"search_term_string"}}],"inLanguage":"fr-FR"},{"@type":"Person","@id":"https:\/\/www.ibes.ch\/#\/schema\/person\/dcee37dd08059a9d95fc74ebcb19a905","name":"tgrether","url":"https:\/\/www.ibes.ch\/fr\/author\/tgrether\/"}]}},"_links":{"self":[{"href":"https:\/\/www.ibes.ch\/fr\/wp-json\/wp\/v2\/posts\/10283","targetHints":{"allow":["GET"]}}],"collection":[{"href":"https:\/\/www.ibes.ch\/fr\/wp-json\/wp\/v2\/posts"}],"about":[{"href":"https:\/\/www.ibes.ch\/fr\/wp-json\/wp\/v2\/types\/post"}],"author":[{"embeddable":true,"href":"https:\/\/www.ibes.ch\/fr\/wp-json\/wp\/v2\/users\/3"}],"replies":[{"embeddable":true,"href":"https:\/\/www.ibes.ch\/fr\/wp-json\/wp\/v2\/comments?post=10283"}],"version-history":[{"count":5,"href":"https:\/\/www.ibes.ch\/fr\/wp-json\/wp\/v2\/posts\/10283\/revisions"}],"predecessor-version":[{"id":17902,"href":"https:\/\/www.ibes.ch\/fr\/wp-json\/wp\/v2\/posts\/10283\/revisions\/17902"}],"wp:featuredmedia":[{"embeddable":true,"href":"https:\/\/www.ibes.ch\/fr\/wp-json\/wp\/v2\/media\/10278"}],"wp:attachment":[{"href":"https:\/\/www.ibes.ch\/fr\/wp-json\/wp\/v2\/media?parent=10283"}],"wp:term":[{"taxonomy":"category","embeddable":true,"href":"https:\/\/www.ibes.ch\/fr\/wp-json\/wp\/v2\/categories?post=10283"},{"taxonomy":"post_tag","embeddable":true,"href":"https:\/\/www.ibes.ch\/fr\/wp-json\/wp\/v2\/tags?post=10283"}],"curies":[{"name":"wp","href":"https:\/\/api.w.org\/{rel}","templated":true}]}}