{"id":10257,"date":"2018-12-30T14:28:14","date_gmt":"2018-12-30T13:28:14","guid":{"rendered":"https:\/\/www.ibes.ch\/handystrahlung-studie-zu-krebs\/"},"modified":"2023-08-11T10:05:12","modified_gmt":"2023-08-11T08:05:12","slug":"etude-sur-le-rayonnement-des-telephones-portables-et-le-cancer","status":"publish","type":"post","link":"https:\/\/www.ibes.ch\/fr\/handystrahlung-studie-zu-krebs\/","title":{"rendered":"Rayonnement des t\u00e9l\u00e9phones mobiles : \u00e9tude sur le cancer"},"content":{"rendered":"<style type=\"text\/css\" data-created_by=\"avia_inline_auto\" id=\"style-css-av-av_heading-e1d58011cc8a0a4342fb963b77ac7b96\">\n#top .av-special-heading.av-av_heading-e1d58011cc8a0a4342fb963b77ac7b96{\npadding-bottom:19px;\n}\nbody .av-special-heading.av-av_heading-e1d58011cc8a0a4342fb963b77ac7b96 .av-special-heading-tag .heading-char{\nfont-size:25px;\n}\n.av-special-heading.av-av_heading-e1d58011cc8a0a4342fb963b77ac7b96 .av-subheading{\nfont-size:20px;\n}\n<\/style>\n<div  class='av-special-heading av-av_heading-e1d58011cc8a0a4342fb963b77ac7b96 av-special-heading-h1 blockquote modern-quote modern-centered  avia-builder-el-0  el_before_av_hr  avia-builder-el-first'><h1 class='av-special-heading-tag'  itemprop=\"headline\"  >\u00c9tude animale sur les rayonnements des t\u00e9l\u00e9phones mobiles : indications de cancer<\/h1><div class=\"special-heading-border\"><div class=\"special-heading-inner-border\"><\/div><\/div><\/div>\n<div  class='hr av-aue7n2-e30d11672c1926c4b838dbe0728bd62f hr-short  avia-builder-el-1  el_after_av_heading  el_before_av_one_full  hr-center'><span class='hr-inner'><span class=\"hr-inner-style\"><\/span><\/span><\/div>\n\n<style type=\"text\/css\" data-created_by=\"avia_inline_auto\" id=\"style-css-av-6juc6q-c0aa6f872cd7ef98a1c7619388aba72a\">\n#top .flex_column.av-6juc6q-c0aa6f872cd7ef98a1c7619388aba72a{\nmargin-top:15px;\nmargin-bottom:0px;\n}\n.flex_column.av-6juc6q-c0aa6f872cd7ef98a1c7619388aba72a{\nborder-radius:0px 0px 0px 0px;\npadding:0px 0px 0px 0px;\n}\n.responsive #top #wrap_all .flex_column.av-6juc6q-c0aa6f872cd7ef98a1c7619388aba72a{\nmargin-top:15px;\nmargin-bottom:0px;\n}\n<\/style>\n<div  class='flex_column av-6juc6q-c0aa6f872cd7ef98a1c7619388aba72a av_one_full  avia-builder-el-2  el_after_av_hr  el_before_av_one_full  first flex_column_div av-zero-column-padding'     ><section  class='av_textblock_section av-jl24retw-0762f8d2db3c527f9d5d9f84dc9ce324'   itemscope=\"itemscope\" itemtype=\"https:\/\/schema.org\/BlogPosting\" ><div class='avia_textblock'  itemprop=\"text\" ><p>Le magazine \"Scientific American\" a r\u00e9cemment rendu compte de la nouvelle \u00e9tude animale sur les rayonnements des t\u00e9l\u00e9phones mobiles. Tout comme le \"Guardian\" britannique. Le cancer et les t\u00e9l\u00e9phones portables font soudain \u00e0 nouveau la une des journaux. L'\u00e9tude mentionn\u00e9e est la plus grande enqu\u00eate men\u00e9e \u00e0 ce jour sur la question de savoir si les rayonnements des t\u00e9l\u00e9phones mobiles <a href=\"\/fr\/?page_id=8296\">Cause du cancer<\/a> peut. Plus de 25 millions de dollars ont \u00e9t\u00e9 collect\u00e9s par la Food and Drug Administration (FDA) am\u00e9ricaine pour le financement.<\/p>\n<h3>Voici comment l'\u00e9tude a \u00e9t\u00e9 men\u00e9e<\/h3>\n<p>Et c'est ainsi que l'\u00e9tude a \u00e9t\u00e9 men\u00e9e : Les chercheurs ont expos\u00e9 plus de 2 500 animaux de laboratoire \u00e0 diff\u00e9rents niveaux de rayonnement. Les normes de t\u00e9l\u00e9phonie mobile utilis\u00e9es \u00e9taient GSM et CDMA (2G et 3G). La dose de rayonnement la plus forte a \u00e9t\u00e9 choisie de mani\u00e8re \u00e0 ce que les tissus ne se r\u00e9chauffent pas de plus d'un degr\u00e9. Les scientifiques ont voulu v\u00e9rifier si un effet autre que le chauffage pouvait provoquer un cancer chez les animaux. Mais la dose de radiation devait encore \u00eatre assez forte pour rendre visible un effet toxique.<\/p>\n<h3>La Suisse a jou\u00e9 un r\u00f4le majeur dans l'enqu\u00eate<\/h3>\n<p>Il n'est pas possible de simuler plus de 5 milliards d'utilisateurs de t\u00e9l\u00e9phones mobiles dans une exp\u00e9rience sur les animaux. La dose doit donc \u00eatre \u00e9lev\u00e9e en cons\u00e9quence, a d\u00e9clar\u00e9 aux m\u00e9dias le professeur de l'ETH Niels Kuster. Kuster et son \u00e9quipe ont con\u00e7u la fonction centrale de l'\u00e9tude : 21 chambres d'\u00e9cho \u00e9tanches aux radiations. Dans ces derniers, les animaux de laboratoire ont \u00e9t\u00e9 expos\u00e9s \u00e0 des radiations. Dans la chambre, les scientifiques ont g\u00e9n\u00e9r\u00e9 un <a href=\"\/fr\/?page_id=10754\">Champ avec rayonnement \u00e9lectromagn\u00e9tique<\/a>qui est aussi forte de toutes les directions. Cela garantissait que les animaux pouvaient se d\u00e9placer librement.<\/p>\n<\/div><\/section><\/div>\n<style type=\"text\/css\" data-created_by=\"avia_inline_auto\" id=\"style-css-av-44yc5u-67d829dbf9570e063a77fb2ce5d584bd\">\n#top .flex_column.av-44yc5u-67d829dbf9570e063a77fb2ce5d584bd{\nmargin-top:30px;\nmargin-bottom:30px;\n}\n.flex_column.av-44yc5u-67d829dbf9570e063a77fb2ce5d584bd{\nborder-radius:0px 0px 0px 0px;\npadding:0px 0px 0px 0px;\n}\n.responsive #top #wrap_all .flex_column.av-44yc5u-67d829dbf9570e063a77fb2ce5d584bd{\nmargin-top:30px;\nmargin-bottom:30px;\n}\n<\/style>\n<div  class='flex_column av-44yc5u-67d829dbf9570e063a77fb2ce5d584bd av_one_full  avia-builder-el-4  el_after_av_one_full  el_before_av_one_full  first flex_column_div av-animated-generic left-to-right av-zero-column-padding  column-top-margin'     ><p>\n<style type=\"text\/css\" data-created_by=\"avia_inline_auto\" id=\"style-css-av-jl24rzb3-d143d7efe8cb92b508453b4a94915182\">\n.avia-image-container.av-jl24rzb3-d143d7efe8cb92b508453b4a94915182 img.avia_image{\nbox-shadow:none;\n}\n.avia-image-container.av-jl24rzb3-d143d7efe8cb92b508453b4a94915182 .av-image-caption-overlay-center{\ncolor:#ffffff;\n}\n<\/style>\n<div  class='avia-image-container av-jl24rzb3-d143d7efe8cb92b508453b4a94915182 av-styling- av-img-linked avia-align-center  avia-builder-el-5  el_before_av_textblock  avia-builder-el-first'  ><div class=\"avia-image-container-inner\"><div class=\"avia-image-overlay-wrap\"><a href=\"https:\/\/www.ibes.ch\/wp-content\/uploads\/2018\/12\/handy_mensch.jpg\" data-srcset=\"https:\/\/www.ibes.ch\/wp-content\/uploads\/2018\/12\/handy_mensch.jpg 849w, https:\/\/www.ibes.ch\/wp-content\/uploads\/2018\/12\/handy_mensch-600x218.jpg 600w, https:\/\/www.ibes.ch\/wp-content\/uploads\/2018\/12\/handy_mensch-300x109.jpg 300w, https:\/\/www.ibes.ch\/wp-content\/uploads\/2018\/12\/handy_mensch-768x280.jpg 768w, https:\/\/www.ibes.ch\/wp-content\/uploads\/2018\/12\/handy_mensch-845x309.jpg 845w, https:\/\/www.ibes.ch\/wp-content\/uploads\/2018\/12\/handy_mensch-705x257.jpg 705w\" data-sizes=\"(max-width: 849px) 100vw, 849px\" class='avia_image'  aria-label='T\u00e9l\u00e9phone portable et homme'><img decoding=\"async\" fetchpriority=\"high\" class='wp-image-10238 avia-img-lazy-loading-not-10238 avia_image' src=\"https:\/\/www.ibes.ch\/wp-content\/uploads\/2018\/12\/handy_mensch.jpg\" alt='L&#039;utilisation du t\u00e9l\u00e9phone portable peut d\u00e9clencher un cancer' title='T\u00e9l\u00e9phone portable et homme'  height=\"309\" width=\"849\"  itemprop=\"thumbnailUrl\" srcset=\"https:\/\/www.ibes.ch\/wp-content\/uploads\/2018\/12\/handy_mensch.jpg 849w, https:\/\/www.ibes.ch\/wp-content\/uploads\/2018\/12\/handy_mensch-600x218.jpg 600w, https:\/\/www.ibes.ch\/wp-content\/uploads\/2018\/12\/handy_mensch-300x109.jpg 300w, https:\/\/www.ibes.ch\/wp-content\/uploads\/2018\/12\/handy_mensch-768x280.jpg 768w, https:\/\/www.ibes.ch\/wp-content\/uploads\/2018\/12\/handy_mensch-845x309.jpg 845w, https:\/\/www.ibes.ch\/wp-content\/uploads\/2018\/12\/handy_mensch-705x257.jpg 705w\" sizes=\"(max-width: 849px) 100vw, 849px\" \/><\/a><\/div><\/div><\/div><br \/>\n<section  class='av_textblock_section av-jl24retw-a9c8ffe6c84e238529126511a8cc5444'   itemscope=\"itemscope\" itemtype=\"https:\/\/schema.org\/BlogPosting\" ><div class='avia_textblock'  itemprop=\"text\" ><p style=\"text-align: center;\">Le t\u00e9l\u00e9phone portable sur la t\u00eate : une vaste \u00e9tude fait la lumi\u00e8re sur les cons\u00e9quences possibles.<\/p>\n<\/div><\/section><\/p><\/div><\/p>\n\n<style type=\"text\/css\" data-created_by=\"avia_inline_auto\" id=\"style-css-av-6juc6q-c0aa6f872cd7ef98a1c7619388aba72a\">\n#top .flex_column.av-6juc6q-c0aa6f872cd7ef98a1c7619388aba72a{\nmargin-top:15px;\nmargin-bottom:0px;\n}\n.flex_column.av-6juc6q-c0aa6f872cd7ef98a1c7619388aba72a{\nborder-radius:0px 0px 0px 0px;\npadding:0px 0px 0px 0px;\n}\n.responsive #top #wrap_all .flex_column.av-6juc6q-c0aa6f872cd7ef98a1c7619388aba72a{\nmargin-top:15px;\nmargin-bottom:0px;\n}\n<\/style>\n<div  class='flex_column av-6juc6q-c0aa6f872cd7ef98a1c7619388aba72a av_one_full  avia-builder-el-7  el_after_av_one_full  el_before_av_one_half  first flex_column_div av-zero-column-padding  column-top-margin'     ><section  class='av_textblock_section av-jl24retw-a9c8ffe6c84e238529126511a8cc5444'   itemscope=\"itemscope\" itemtype=\"https:\/\/schema.org\/BlogPosting\" ><div class='avia_textblock'  itemprop=\"text\" ><h3>Valeurs DAS de 2,5 \u00e0 10 watts par kilogramme<\/h3>\n<p>Les souris ont \u00e9t\u00e9 expos\u00e9es \u00e0 des valeurs de DAS pour le corps entier de 2,5, exactement 5 et 10 watts par kilogramme. SAR signifie d\u00e9bit d'absorption sp\u00e9cifique. Il montre la puissance de rayonnement qu'un corps absorbe. La Commission internationale de protection contre les rayonnements non ionisants (ICNIRP) pr\u00e9cise ce qui suit :<\/p>\n<ul>\n<li>Les t\u00e9l\u00e9phones mobiles ne doivent pas d\u00e9passer deux watts par kilogramme au niveau local.<\/li>\n<li>Un utilisateur d'un t\u00e9l\u00e9phone mobile n'est expos\u00e9 \u00e0 cette \u00e9mission que s'il dispose d'une tr\u00e8s mauvaise connexion et que l'appareil est \u00e0 son oreille.<\/li>\n<li>L'ICNIRP recommande, pour l'irradiation du corps entier, un taux de <a href=\"\/fr\/?page_id=8278\">Valeur limite<\/a> de 0,08 watts par kilogramme.<\/li>\n<\/ul>\n<h3>Augmentation des taux de tumeurs chez les rats<\/h3>\n<p>Mais combien de temps les animaux ont-ils \u00e9t\u00e9 expos\u00e9s aux radiations ? Pendant deux ans, sept jours par semaine, d\u00e9j\u00e0 dans l'ut\u00e9rus. En 2018, les experts ont examin\u00e9 les r\u00e9sultats interm\u00e9diaires, qui sont les suivants :<\/p>\n<ul>\n<li>Chez les rats qui ont \u00e9galement \u00e9t\u00e9 examin\u00e9s, on a constat\u00e9 une augmentation partielle des taux de tumeurs dans le cerveau, la prostate et l'hypophyse.<\/li>\n<li>En outre, une incidence accrue a \u00e9t\u00e9 constat\u00e9e dans les glandes surr\u00e9nales, le foie et le pancr\u00e9as.<\/li>\n<li>Les rats m\u00e2les pr\u00e9sentaient \u00e9galement une incidence l\u00e9g\u00e8rement accrue de schwannomes sur le c\u0153ur. Il s'agit de tumeurs des cellules de Schwann, qui servent \u00e0 isoler les cellules nerveuses.<\/li>\n<\/ul>\n<p>Le groupe d'experts renomm\u00e9 a conclu qu'il s'agit d'une cons\u00e9quence directe des rayonnements \u00e9lectromagn\u00e9tiques.<\/p>\n<\/div><\/section><\/div>\n\n<style type=\"text\/css\" data-created_by=\"avia_inline_auto\" id=\"style-css-av-44yc5u-67d829dbf9570e063a77fb2ce5d584bd\">\n#top .flex_column.av-44yc5u-67d829dbf9570e063a77fb2ce5d584bd{\nmargin-top:30px;\nmargin-bottom:30px;\n}\n.flex_column.av-44yc5u-67d829dbf9570e063a77fb2ce5d584bd{\nborder-radius:0px 0px 0px 0px;\npadding:0px 0px 0px 0px;\n}\n.responsive #top #wrap_all .flex_column.av-44yc5u-67d829dbf9570e063a77fb2ce5d584bd{\nmargin-top:30px;\nmargin-bottom:30px;\n}\n<\/style>\n<div  class='flex_column av-44yc5u-67d829dbf9570e063a77fb2ce5d584bd av_one_half  avia-builder-el-9  el_after_av_one_full  el_before_av_one_half  first flex_column_div av-animated-generic left-to-right av-zero-column-padding  column-top-margin'     ><p>\n<style type=\"text\/css\" data-created_by=\"avia_inline_auto\" id=\"style-css-av-jl24rzb3-5273a68e48c59488779731ca23ece00e\">\n.avia-image-container.av-jl24rzb3-5273a68e48c59488779731ca23ece00e img.avia_image{\nbox-shadow:none;\n}\n.avia-image-container.av-jl24rzb3-5273a68e48c59488779731ca23ece00e .av-image-caption-overlay-center{\ncolor:#ffffff;\n}\n<\/style>\n<div  class='avia-image-container av-jl24rzb3-5273a68e48c59488779731ca23ece00e av-styling- av-img-linked avia-align-center  avia-builder-el-10  el_before_av_textblock  avia-builder-el-first'  ><div class=\"avia-image-container-inner\"><div class=\"avia-image-overlay-wrap\"><a href=\"https:\/\/www.ibes.ch\/wp-content\/uploads\/2018\/12\/wissenschaftler_studie.jpg\" data-srcset=\"https:\/\/www.ibes.ch\/wp-content\/uploads\/2018\/12\/wissenschaftler_studie.jpg 780w, https:\/\/www.ibes.ch\/wp-content\/uploads\/2018\/12\/wissenschaftler_studie-600x400.jpg 600w, https:\/\/www.ibes.ch\/wp-content\/uploads\/2018\/12\/wissenschaftler_studie-300x200.jpg 300w, https:\/\/www.ibes.ch\/wp-content\/uploads\/2018\/12\/wissenschaftler_studie-768x512.jpg 768w, https:\/\/www.ibes.ch\/wp-content\/uploads\/2018\/12\/wissenschaftler_studie-705x470.jpg 705w\" data-sizes=\"(max-width: 780px) 100vw, 780px\" class='avia_image'  aria-label='Scientifiques avec des images \u00e0 rayons X'><img decoding=\"async\" fetchpriority=\"high\" class='wp-image-10251 avia-img-lazy-loading-not-10251 avia_image' src=\"https:\/\/www.ibes.ch\/wp-content\/uploads\/2018\/12\/wissenschaftler_studie.jpg\" alt='Des chercheurs pr\u00e9sentent une image radiographique sur le cancer et le rayonnement des t\u00e9l\u00e9phones portables' title='Scientifiques avec des images \u00e0 rayons X'  height=\"520\" width=\"780\"  itemprop=\"thumbnailUrl\" srcset=\"https:\/\/www.ibes.ch\/wp-content\/uploads\/2018\/12\/wissenschaftler_studie.jpg 780w, https:\/\/www.ibes.ch\/wp-content\/uploads\/2018\/12\/wissenschaftler_studie-600x400.jpg 600w, https:\/\/www.ibes.ch\/wp-content\/uploads\/2018\/12\/wissenschaftler_studie-300x200.jpg 300w, https:\/\/www.ibes.ch\/wp-content\/uploads\/2018\/12\/wissenschaftler_studie-768x512.jpg 768w, https:\/\/www.ibes.ch\/wp-content\/uploads\/2018\/12\/wissenschaftler_studie-705x470.jpg 705w\" sizes=\"(max-width: 780px) 100vw, 780px\" \/><\/a><\/div><\/div><\/div><br \/>\n<section  class='av_textblock_section av-jl24retw-a9c8ffe6c84e238529126511a8cc5444'   itemscope=\"itemscope\" itemtype=\"https:\/\/schema.org\/BlogPosting\" ><div class='avia_textblock'  itemprop=\"text\" ><p>Deux scientifiques discutent des r\u00e9sultats de l'\u00e9tude.<\/p>\n<\/div><\/section><\/p><\/div>\n\n<style type=\"text\/css\" data-created_by=\"avia_inline_auto\" id=\"style-css-av-44yc5u-cdf02cf316e83f889815169262190179\">\n#top .flex_column.av-44yc5u-cdf02cf316e83f889815169262190179{\nmargin-top:30px;\nmargin-bottom:30px;\n}\n.flex_column.av-44yc5u-cdf02cf316e83f889815169262190179{\nborder-radius:0px 0px 0px 0px;\npadding:0px 0px 0px 0px;\n}\n.responsive #top #wrap_all .flex_column.av-44yc5u-cdf02cf316e83f889815169262190179{\nmargin-top:30px;\nmargin-bottom:30px;\n}\n<\/style>\n<div  class='flex_column av-44yc5u-cdf02cf316e83f889815169262190179 av_one_half  avia-builder-el-12  el_after_av_one_half  avia-builder-el-last  flex_column_div av-animated-generic left-to-right av-zero-column-padding  column-top-margin'     ><p>\n<style type=\"text\/css\" data-created_by=\"avia_inline_auto\" id=\"style-css-av-jl24rzb3-ef6689261d3747ff05bf5f3e52d82771\">\n.avia-image-container.av-jl24rzb3-ef6689261d3747ff05bf5f3e52d82771 img.avia_image{\nbox-shadow:none;\n}\n.avia-image-container.av-jl24rzb3-ef6689261d3747ff05bf5f3e52d82771 .av-image-caption-overlay-center{\ncolor:#ffffff;\n}\n<\/style>\n<div  class='avia-image-container av-jl24rzb3-ef6689261d3747ff05bf5f3e52d82771 av-styling- av-img-linked avia-align-center  avia-builder-el-13  el_before_av_textblock  avia-builder-el-first'  ><div class=\"avia-image-container-inner\"><div class=\"avia-image-overlay-wrap\"><a href=\"https:\/\/www.ibes.ch\/wp-content\/uploads\/2018\/12\/strahlung_mensch.jpg\" data-srcset=\"https:\/\/www.ibes.ch\/wp-content\/uploads\/2018\/12\/strahlung_mensch.jpg 766w, https:\/\/www.ibes.ch\/wp-content\/uploads\/2018\/12\/strahlung_mensch-600x400.jpg 600w, https:\/\/www.ibes.ch\/wp-content\/uploads\/2018\/12\/strahlung_mensch-300x200.jpg 300w, https:\/\/www.ibes.ch\/wp-content\/uploads\/2018\/12\/strahlung_mensch-705x470.jpg 705w\" data-sizes=\"(max-width: 766px) 100vw, 766px\" class='avia_image'  aria-label='Rayonnement des t\u00e9l\u00e9phones mobiles et cancer'><img decoding=\"async\" fetchpriority=\"high\" class='wp-image-10253 avia-img-lazy-loading-not-10253 avia_image' src=\"https:\/\/www.ibes.ch\/wp-content\/uploads\/2018\/12\/strahlung_mensch.jpg\" alt='Rayonnement des t\u00e9l\u00e9phones mobiles et cancer' title='Rayonnement des t\u00e9l\u00e9phones mobiles et cancer'  height=\"511\" width=\"766\"  itemprop=\"thumbnailUrl\" srcset=\"https:\/\/www.ibes.ch\/wp-content\/uploads\/2018\/12\/strahlung_mensch.jpg 766w, https:\/\/www.ibes.ch\/wp-content\/uploads\/2018\/12\/strahlung_mensch-600x400.jpg 600w, https:\/\/www.ibes.ch\/wp-content\/uploads\/2018\/12\/strahlung_mensch-300x200.jpg 300w, https:\/\/www.ibes.ch\/wp-content\/uploads\/2018\/12\/strahlung_mensch-705x470.jpg 705w\" sizes=\"(max-width: 766px) 100vw, 766px\" \/><\/a><\/div><\/div><\/div><br \/>\n<section  class='av_textblock_section av-jl24retw-a9c8ffe6c84e238529126511a8cc5444'   itemscope=\"itemscope\" itemtype=\"https:\/\/schema.org\/BlogPosting\" ><div class='avia_textblock'  itemprop=\"text\" ><p>L'homme en tant que partie du rayonnement qui l'entoure.<\/p>\n<\/div><\/section><\/p><\/div>","protected":false},"excerpt":{"rendered":"","protected":false},"author":3,"featured_media":10243,"comment_status":"open","ping_status":"open","sticky":false,"template":"","format":"standard","meta":{"_acf_changed":false,"footnotes":""},"categories":[58],"tags":[],"class_list":["post-10257","post","type-post","status-publish","format-standard","has-post-thumbnail","hentry","category-news"],"acf":[],"yoast_head":"<!-- This site is optimized with the Yoast SEO plugin v27.5 - https:\/\/yoast.com\/product\/yoast-seo-wordpress\/ -->\n<title>Handystrahlung: neue Studie mit Tieren zu Krebs wirft Fragen auf<\/title>\n<meta name=\"description\" content=\"Die gr\u00f6sste Studie zu Handystrahlung aus der Mobilfunktelefonie und Krebs zeigt: Tiere bekommen Krebs, f\u00fcr eine Entwarnung beim Menschen ist es zu fr\u00fch.\" \/>\n<meta name=\"robots\" content=\"index, follow, max-snippet:-1, max-image-preview:large, max-video-preview:-1\" \/>\n<link rel=\"canonical\" href=\"https:\/\/www.ibes.ch\/fr\/etude-sur-le-rayonnement-des-telephones-portables-et-le-cancer\/\" \/>\n<meta property=\"og:locale\" content=\"fr_FR\" \/>\n<meta property=\"og:type\" content=\"article\" \/>\n<meta property=\"og:title\" content=\"Handystrahlung: neue Studie mit Tieren zu Krebs wirft Fragen auf\" \/>\n<meta property=\"og:description\" content=\"Die gr\u00f6sste Studie zu Handystrahlung aus der Mobilfunktelefonie und Krebs zeigt: Tiere bekommen Krebs, f\u00fcr eine Entwarnung beim Menschen ist es zu fr\u00fch.\" \/>\n<meta property=\"og:url\" content=\"https:\/\/www.ibes.ch\/fr\/etude-sur-le-rayonnement-des-telephones-portables-et-le-cancer\/\" \/>\n<meta property=\"og:site_name\" content=\"IBES\" \/>\n<meta property=\"article:published_time\" content=\"2018-12-30T13:28:14+00:00\" \/>\n<meta property=\"article:modified_time\" content=\"2023-08-11T08:05:12+00:00\" \/>\n<meta property=\"og:image\" content=\"https:\/\/www.ibes.ch\/wp-content\/uploads\/2018\/12\/handy_am_ohr.jpg\" \/>\n\t<meta property=\"og:image:width\" content=\"840\" \/>\n\t<meta property=\"og:image:height\" content=\"560\" \/>\n\t<meta property=\"og:image:type\" content=\"image\/jpeg\" \/>\n<meta name=\"author\" content=\"tgrether\" \/>\n<meta name=\"twitter:card\" content=\"summary_large_image\" \/>\n<meta name=\"twitter:label1\" content=\"\u00c9crit par\" \/>\n\t<meta name=\"twitter:data1\" content=\"tgrether\" \/>\n\t<meta name=\"twitter:label2\" content=\"Dur\u00e9e de lecture estim\u00e9e\" \/>\n\t<meta name=\"twitter:data2\" content=\"7 minutes\" \/>\n<script type=\"application\/ld+json\" class=\"yoast-schema-graph\">{\"@context\":\"https:\\\/\\\/schema.org\",\"@graph\":[{\"@type\":\"Article\",\"@id\":\"https:\\\/\\\/www.ibes.ch\\\/handystrahlung-studie-zu-krebs\\\/#article\",\"isPartOf\":{\"@id\":\"https:\\\/\\\/www.ibes.ch\\\/handystrahlung-studie-zu-krebs\\\/\"},\"author\":{\"name\":\"tgrether\",\"@id\":\"https:\\\/\\\/www.ibes.ch\\\/#\\\/schema\\\/person\\\/dcee37dd08059a9d95fc74ebcb19a905\"},\"headline\":\"Handystrahlung: Studie zu Krebs\",\"datePublished\":\"2018-12-30T13:28:14+00:00\",\"dateModified\":\"2023-08-11T08:05:12+00:00\",\"mainEntityOfPage\":{\"@id\":\"https:\\\/\\\/www.ibes.ch\\\/handystrahlung-studie-zu-krebs\\\/\"},\"wordCount\":1216,\"commentCount\":0,\"image\":{\"@id\":\"https:\\\/\\\/www.ibes.ch\\\/handystrahlung-studie-zu-krebs\\\/#primaryimage\"},\"thumbnailUrl\":\"https:\\\/\\\/www.ibes.ch\\\/wp-content\\\/uploads\\\/2018\\\/12\\\/handy_am_ohr.jpg\",\"articleSection\":[\"News\"],\"inLanguage\":\"fr-FR\",\"potentialAction\":[{\"@type\":\"CommentAction\",\"name\":\"Comment\",\"target\":[\"https:\\\/\\\/www.ibes.ch\\\/handystrahlung-studie-zu-krebs\\\/#respond\"]}]},{\"@type\":\"WebPage\",\"@id\":\"https:\\\/\\\/www.ibes.ch\\\/handystrahlung-studie-zu-krebs\\\/\",\"url\":\"https:\\\/\\\/www.ibes.ch\\\/handystrahlung-studie-zu-krebs\\\/\",\"name\":\"Handystrahlung: neue Studie mit Tieren zu Krebs wirft Fragen auf\",\"isPartOf\":{\"@id\":\"https:\\\/\\\/www.ibes.ch\\\/#website\"},\"primaryImageOfPage\":{\"@id\":\"https:\\\/\\\/www.ibes.ch\\\/handystrahlung-studie-zu-krebs\\\/#primaryimage\"},\"image\":{\"@id\":\"https:\\\/\\\/www.ibes.ch\\\/handystrahlung-studie-zu-krebs\\\/#primaryimage\"},\"thumbnailUrl\":\"https:\\\/\\\/www.ibes.ch\\\/wp-content\\\/uploads\\\/2018\\\/12\\\/handy_am_ohr.jpg\",\"datePublished\":\"2018-12-30T13:28:14+00:00\",\"dateModified\":\"2023-08-11T08:05:12+00:00\",\"author\":{\"@id\":\"https:\\\/\\\/www.ibes.ch\\\/#\\\/schema\\\/person\\\/dcee37dd08059a9d95fc74ebcb19a905\"},\"description\":\"Die gr\u00f6sste Studie zu Handystrahlung aus der Mobilfunktelefonie und Krebs zeigt: Tiere bekommen Krebs, f\u00fcr eine Entwarnung beim Menschen ist es zu fr\u00fch.\",\"breadcrumb\":{\"@id\":\"https:\\\/\\\/www.ibes.ch\\\/handystrahlung-studie-zu-krebs\\\/#breadcrumb\"},\"inLanguage\":\"fr-FR\",\"potentialAction\":[{\"@type\":\"ReadAction\",\"target\":[\"https:\\\/\\\/www.ibes.ch\\\/handystrahlung-studie-zu-krebs\\\/\"]}]},{\"@type\":\"ImageObject\",\"inLanguage\":\"fr-FR\",\"@id\":\"https:\\\/\\\/www.ibes.ch\\\/handystrahlung-studie-zu-krebs\\\/#primaryimage\",\"url\":\"https:\\\/\\\/www.ibes.ch\\\/wp-content\\\/uploads\\\/2018\\\/12\\\/handy_am_ohr.jpg\",\"contentUrl\":\"https:\\\/\\\/www.ibes.ch\\\/wp-content\\\/uploads\\\/2018\\\/12\\\/handy_am_ohr.jpg\",\"width\":840,\"height\":560,\"caption\":\"Sichtbare Handystrahlung am Ohr einer Frau\"},{\"@type\":\"BreadcrumbList\",\"@id\":\"https:\\\/\\\/www.ibes.ch\\\/handystrahlung-studie-zu-krebs\\\/#breadcrumb\",\"itemListElement\":[{\"@type\":\"ListItem\",\"position\":1,\"name\":\"Home\",\"item\":\"https:\\\/\\\/www.ibes.ch\\\/\"},{\"@type\":\"ListItem\",\"position\":2,\"name\":\"Handystrahlung: Studie zu Krebs\"}]},{\"@type\":\"WebSite\",\"@id\":\"https:\\\/\\\/www.ibes.ch\\\/#website\",\"url\":\"https:\\\/\\\/www.ibes.ch\\\/\",\"name\":\"IBES\",\"description\":\"IBES - Ratgeber f\u00fcr Elektrosmog\",\"potentialAction\":[{\"@type\":\"SearchAction\",\"target\":{\"@type\":\"EntryPoint\",\"urlTemplate\":\"https:\\\/\\\/www.ibes.ch\\\/?s={search_term_string}\"},\"query-input\":{\"@type\":\"PropertyValueSpecification\",\"valueRequired\":true,\"valueName\":\"search_term_string\"}}],\"inLanguage\":\"fr-FR\"},{\"@type\":\"Person\",\"@id\":\"https:\\\/\\\/www.ibes.ch\\\/#\\\/schema\\\/person\\\/dcee37dd08059a9d95fc74ebcb19a905\",\"name\":\"tgrether\",\"url\":\"https:\\\/\\\/www.ibes.ch\\\/fr\\\/author\\\/tgrether\\\/\"}]}<\/script>\n<!-- \/ Yoast SEO plugin. -->","yoast_head_json":{"title":"Radiations des t\u00e9l\u00e9phones portables : une nouvelle \u00e9tude sur le cancer chez l'animal soul\u00e8ve des questions","description":"La plus grande \u00e9tude sur les rayonnements des t\u00e9l\u00e9phones mobiles et le cancer montre que les animaux ont le cancer, mais qu'il est trop t\u00f4t pour dire que c'est le cas chez l'homme.","robots":{"index":"index","follow":"follow","max-snippet":"max-snippet:-1","max-image-preview":"max-image-preview:large","max-video-preview":"max-video-preview:-1"},"canonical":"https:\/\/www.ibes.ch\/fr\/etude-sur-le-rayonnement-des-telephones-portables-et-le-cancer\/","og_locale":"fr_FR","og_type":"article","og_title":"Handystrahlung: neue Studie mit Tieren zu Krebs wirft Fragen auf","og_description":"Die gr\u00f6sste Studie zu Handystrahlung aus der Mobilfunktelefonie und Krebs zeigt: Tiere bekommen Krebs, f\u00fcr eine Entwarnung beim Menschen ist es zu fr\u00fch.","og_url":"https:\/\/www.ibes.ch\/fr\/etude-sur-le-rayonnement-des-telephones-portables-et-le-cancer\/","og_site_name":"IBES","article_published_time":"2018-12-30T13:28:14+00:00","article_modified_time":"2023-08-11T08:05:12+00:00","og_image":[{"width":840,"height":560,"url":"https:\/\/www.ibes.ch\/wp-content\/uploads\/2018\/12\/handy_am_ohr.jpg","type":"image\/jpeg"}],"author":"tgrether","twitter_card":"summary_large_image","twitter_misc":{"\u00c9crit par":"tgrether","Dur\u00e9e de lecture estim\u00e9e":"7 minutes"},"schema":{"@context":"https:\/\/schema.org","@graph":[{"@type":"Article","@id":"https:\/\/www.ibes.ch\/handystrahlung-studie-zu-krebs\/#article","isPartOf":{"@id":"https:\/\/www.ibes.ch\/handystrahlung-studie-zu-krebs\/"},"author":{"name":"tgrether","@id":"https:\/\/www.ibes.ch\/#\/schema\/person\/dcee37dd08059a9d95fc74ebcb19a905"},"headline":"Handystrahlung: Studie zu Krebs","datePublished":"2018-12-30T13:28:14+00:00","dateModified":"2023-08-11T08:05:12+00:00","mainEntityOfPage":{"@id":"https:\/\/www.ibes.ch\/handystrahlung-studie-zu-krebs\/"},"wordCount":1216,"commentCount":0,"image":{"@id":"https:\/\/www.ibes.ch\/handystrahlung-studie-zu-krebs\/#primaryimage"},"thumbnailUrl":"https:\/\/www.ibes.ch\/wp-content\/uploads\/2018\/12\/handy_am_ohr.jpg","articleSection":["News"],"inLanguage":"fr-FR","potentialAction":[{"@type":"CommentAction","name":"Comment","target":["https:\/\/www.ibes.ch\/handystrahlung-studie-zu-krebs\/#respond"]}]},{"@type":"WebPage","@id":"https:\/\/www.ibes.ch\/handystrahlung-studie-zu-krebs\/","url":"https:\/\/www.ibes.ch\/handystrahlung-studie-zu-krebs\/","name":"Radiations des t\u00e9l\u00e9phones portables : une nouvelle \u00e9tude sur le cancer chez l'animal soul\u00e8ve des questions","isPartOf":{"@id":"https:\/\/www.ibes.ch\/#website"},"primaryImageOfPage":{"@id":"https:\/\/www.ibes.ch\/handystrahlung-studie-zu-krebs\/#primaryimage"},"image":{"@id":"https:\/\/www.ibes.ch\/handystrahlung-studie-zu-krebs\/#primaryimage"},"thumbnailUrl":"https:\/\/www.ibes.ch\/wp-content\/uploads\/2018\/12\/handy_am_ohr.jpg","datePublished":"2018-12-30T13:28:14+00:00","dateModified":"2023-08-11T08:05:12+00:00","author":{"@id":"https:\/\/www.ibes.ch\/#\/schema\/person\/dcee37dd08059a9d95fc74ebcb19a905"},"description":"La plus grande \u00e9tude sur les rayonnements des t\u00e9l\u00e9phones mobiles et le cancer montre que les animaux ont le cancer, mais qu'il est trop t\u00f4t pour dire que c'est le cas chez l'homme.","breadcrumb":{"@id":"https:\/\/www.ibes.ch\/handystrahlung-studie-zu-krebs\/#breadcrumb"},"inLanguage":"fr-FR","potentialAction":[{"@type":"ReadAction","target":["https:\/\/www.ibes.ch\/handystrahlung-studie-zu-krebs\/"]}]},{"@type":"ImageObject","inLanguage":"fr-FR","@id":"https:\/\/www.ibes.ch\/handystrahlung-studie-zu-krebs\/#primaryimage","url":"https:\/\/www.ibes.ch\/wp-content\/uploads\/2018\/12\/handy_am_ohr.jpg","contentUrl":"https:\/\/www.ibes.ch\/wp-content\/uploads\/2018\/12\/handy_am_ohr.jpg","width":840,"height":560,"caption":"Sichtbare Handystrahlung am Ohr einer Frau"},{"@type":"BreadcrumbList","@id":"https:\/\/www.ibes.ch\/handystrahlung-studie-zu-krebs\/#breadcrumb","itemListElement":[{"@type":"ListItem","position":1,"name":"Home","item":"https:\/\/www.ibes.ch\/"},{"@type":"ListItem","position":2,"name":"Handystrahlung: Studie zu Krebs"}]},{"@type":"WebSite","@id":"https:\/\/www.ibes.ch\/#website","url":"https:\/\/www.ibes.ch\/","name":"IBES","description":"IBES - Guide de l'\u00e9lectrosmog","potentialAction":[{"@type":"SearchAction","target":{"@type":"EntryPoint","urlTemplate":"https:\/\/www.ibes.ch\/?s={search_term_string}"},"query-input":{"@type":"PropertyValueSpecification","valueRequired":true,"valueName":"search_term_string"}}],"inLanguage":"fr-FR"},{"@type":"Person","@id":"https:\/\/www.ibes.ch\/#\/schema\/person\/dcee37dd08059a9d95fc74ebcb19a905","name":"tgrether","url":"https:\/\/www.ibes.ch\/fr\/author\/tgrether\/"}]}},"_links":{"self":[{"href":"https:\/\/www.ibes.ch\/fr\/wp-json\/wp\/v2\/posts\/10257","targetHints":{"allow":["GET"]}}],"collection":[{"href":"https:\/\/www.ibes.ch\/fr\/wp-json\/wp\/v2\/posts"}],"about":[{"href":"https:\/\/www.ibes.ch\/fr\/wp-json\/wp\/v2\/types\/post"}],"author":[{"embeddable":true,"href":"https:\/\/www.ibes.ch\/fr\/wp-json\/wp\/v2\/users\/3"}],"replies":[{"embeddable":true,"href":"https:\/\/www.ibes.ch\/fr\/wp-json\/wp\/v2\/comments?post=10257"}],"version-history":[{"count":5,"href":"https:\/\/www.ibes.ch\/fr\/wp-json\/wp\/v2\/posts\/10257\/revisions"}],"predecessor-version":[{"id":17903,"href":"https:\/\/www.ibes.ch\/fr\/wp-json\/wp\/v2\/posts\/10257\/revisions\/17903"}],"wp:featuredmedia":[{"embeddable":true,"href":"https:\/\/www.ibes.ch\/fr\/wp-json\/wp\/v2\/media\/10243"}],"wp:attachment":[{"href":"https:\/\/www.ibes.ch\/fr\/wp-json\/wp\/v2\/media?parent=10257"}],"wp:term":[{"taxonomy":"category","embeddable":true,"href":"https:\/\/www.ibes.ch\/fr\/wp-json\/wp\/v2\/categories?post=10257"},{"taxonomy":"post_tag","embeddable":true,"href":"https:\/\/www.ibes.ch\/fr\/wp-json\/wp\/v2\/tags?post=10257"}],"curies":[{"name":"wp","href":"https:\/\/api.w.org\/{rel}","templated":true}]}}