{"id":14287,"date":"2019-12-12T11:19:49","date_gmt":"2019-12-12T10:19:49","guid":{"rendered":"https:\/\/www.ibes.ch\/?p=14287"},"modified":"2023-08-11T09:49:14","modified_gmt":"2023-08-11T07:49:14","slug":"roesli-sert-les-entreprises-de-telephonie-mobile","status":"publish","type":"post","link":"http:\/\/www.ibes.ch\/fr\/roesli-dient-mobilfunkfirmen\/","title":{"rendered":"R\u00f6\u00f6sli n'examine que les faisceaux individuels"},"content":{"rendered":"<p>\n<style type=\"text\/css\" data-created_by=\"avia_inline_auto\" id=\"style-css-av-k42qw8hz-eb9c95b6730b237c578663e5b6034d3c\">\n#top .av-special-heading.av-k42qw8hz-eb9c95b6730b237c578663e5b6034d3c{\npadding-bottom:10px;\n}\nbody .av-special-heading.av-k42qw8hz-eb9c95b6730b237c578663e5b6034d3c .av-special-heading-tag .heading-char{\nfont-size:25px;\n}\n.av-special-heading.av-k42qw8hz-eb9c95b6730b237c578663e5b6034d3c .av-subheading{\nfont-size:15px;\n}\n<\/style>\n<div  class='av-special-heading av-k42qw8hz-eb9c95b6730b237c578663e5b6034d3c av-special-heading-h1 blockquote modern-quote modern-centered  avia-builder-el-0  el_before_av_hr  avia-builder-el-first'><h1 class='av-special-heading-tag'  itemprop=\"headline\"  >Martin R\u00f6\u00f6sli n'examine que les faisceaux individuels<\/h1><div class='av-subheading av-subheading_below'><p> Les \u00e9tudes sont pay\u00e9es par l'industrie de la t\u00e9l\u00e9phonie mobile <\/p>\n<\/div><div class=\"special-heading-border\"><div class=\"special-heading-inner-border\"><\/div><\/div><\/div> <div  class='hr av-jtb76g4l-b808a5ca9bd5eb458e0c01ac1909077d hr-short  avia-builder-el-1  el_after_av_heading  el_before_av_one_half  hr-center'><span class='hr-inner'><span class=\"hr-inner-style\"><\/span><\/span><\/div> \n<style type=\"text\/css\" data-created_by=\"avia_inline_auto\" id=\"style-css-av-sktapo-2fc63bbee07ff1fa37952dac22bef60a\">\n.flex_column.av-sktapo-2fc63bbee07ff1fa37952dac22bef60a{\nborder-radius:0px 0px 0px 0px;\npadding:0px 0px 0px 0px;\n}\n<\/style>\n<div  class='flex_column av-sktapo-2fc63bbee07ff1fa37952dac22bef60a av_one_half  avia-builder-el-2  el_after_av_hr  el_before_av_one_half  first flex_column_div av-zero-column-padding'     ><section  class='av_textblock_section av-jtb653a3-86f9cfa561a2a0ba8aa7861de2154c13'   itemscope=\"itemscope\" itemtype=\"https:\/\/schema.org\/BlogPosting\" ><div class='avia_textblock'  itemprop=\"text\" ><p> Martin R\u00f6\u00f6sli, \u00e9pid\u00e9miologiste environnemental \u00e0 l'Institut tropical et de sant\u00e9 publique suisse de B\u00e2le, appara\u00eet de plus en plus dans les m\u00e9dias en tant qu'expert. Il est interview\u00e9 \u00e0 plusieurs reprises sur des sujets li\u00e9s \u00e0 l'\u00e9lectrosmog. A la t\u00e9l\u00e9vision, R\u00f6\u00f6sli relativise les dangers possibles et justifie ses d\u00e9clarations par le fait qu'il n'y a pas de... <a href=\"\/fr\/?page_id=8277\">\u00e9tudes scientifiques<\/a> pour prouver les inqui\u00e9tudes des personnes critiques envers la t\u00e9l\u00e9phonie mobile. M\u00eame avec la derni\u00e8re \u00e9tude men\u00e9e par R\u00f6\u00f6sli, il n'y avait pas de preuves \u00e9videntes. <\/p>\n<\/div><\/section><\/div>\n<style type=\"text\/css\" data-created_by=\"avia_inline_auto\" id=\"style-css-av-z22xj0-f0e354cb7d020f9b805ce1d25fe184f4\">\n.flex_column.av-z22xj0-f0e354cb7d020f9b805ce1d25fe184f4{\nborder-radius:0px 0px 0px 0px;\npadding:0px 0px 0px 0px;\n}\n<\/style>\n<div  class='flex_column av-z22xj0-f0e354cb7d020f9b805ce1d25fe184f4 av_one_half  avia-builder-el-4  el_after_av_one_half  el_before_av_one_full  flex_column_div av-zero-column-padding'     ><p> \n<style type=\"text\/css\" data-created_by=\"avia_inline_auto\" id=\"style-css-av-jtb708jc-20a993bcbfd574161acaffe9416f8fe9\">\n.avia-image-container.av-jtb708jc-20a993bcbfd574161acaffe9416f8fe9 img.avia_image{\nbox-shadow:none;\n}\n.avia-image-container.av-jtb708jc-20a993bcbfd574161acaffe9416f8fe9 .av-image-caption-overlay-center{\ncolor:#ffffff;\n}\n<\/style>\n<div  class='avia-image-container av-jtb708jc-20a993bcbfd574161acaffe9416f8fe9 av-styling- avia-align-center  avia-builder-el-5  el_before_av_textblock  avia-builder-el-first'  ><div class=\"avia-image-container-inner\"><div class=\"avia-image-overlay-wrap\"><img decoding=\"async\" fetchpriority=\"high\" class='wp-image-14289 avia-img-lazy-loading-not-14289 avia_image' src=\"https:\/\/www.ibes.ch\/wp-content\/uploads\/2019\/12\/beobachter_martin_ro\u0308o\u0308sli.jpg\" alt='Martin R\u00f6\u00f6sli tient un t\u00e9l\u00e9phone portable devant un amphith\u00e9\u00e2tre consacr\u00e9 \u00e0 l&#039;\u00e9lectrosmog.' title='Martin R\u00f6\u00f6sli tient un t\u00e9l\u00e9phone portable devant un amphith\u00e9\u00e2tre consacr\u00e9 \u00e0 l&#039;\u00e9lectrosmog.'  height=\"536\" width=\"800\"  itemprop=\"thumbnailUrl\" srcset=\"https:\/\/www.ibes.ch\/wp-content\/uploads\/2019\/12\/beobachter_martin_ro\u0308o\u0308sli.jpg 800w, https:\/\/www.ibes.ch\/wp-content\/uploads\/2019\/12\/beobachter_martin_ro\u0308o\u0308sli-600x402.jpg 600w, https:\/\/www.ibes.ch\/wp-content\/uploads\/2019\/12\/beobachter_martin_ro\u0308o\u0308sli-300x201.jpg 300w, https:\/\/www.ibes.ch\/wp-content\/uploads\/2019\/12\/beobachter_martin_ro\u0308o\u0308sli-768x515.jpg 768w, https:\/\/www.ibes.ch\/wp-content\/uploads\/2019\/12\/beobachter_martin_ro\u0308o\u0308sli-705x472.jpg 705w\" sizes=\"(max-width: 800px) 100vw, 800px\" \/><\/div><\/div><\/div> <section  class='av_textblock_section av-jtb71jwn-88ce8952d6d58ace5c14e5d013e23c87'   itemscope=\"itemscope\" itemtype=\"https:\/\/schema.org\/BlogPosting\" ><div class='avia_textblock'  itemprop=\"text\" ><p> Martin R\u00f6\u00f6sli, 50 ans, professeur d'\u00e9pid\u00e9miologie environnementale \u00e0 l'Institut Tropical et de Sant\u00e9 Publique Suisse \u00e0 B\u00e2le. <\/p>\n<\/div><\/section> <\/p><\/div>\n<style type=\"text\/css\" data-created_by=\"avia_inline_auto\" id=\"style-css-av-sktapo-2fc63bbee07ff1fa37952dac22bef60a\">\n.flex_column.av-sktapo-2fc63bbee07ff1fa37952dac22bef60a{\nborder-radius:0px 0px 0px 0px;\npadding:0px 0px 0px 0px;\n}\n<\/style>\n<div  class='flex_column av-sktapo-2fc63bbee07ff1fa37952dac22bef60a av_one_full  avia-builder-el-7  el_after_av_one_half  el_before_av_one_full  first flex_column_div av-zero-column-padding  column-top-margin'     ><p> \n<style type=\"text\/css\" data-created_by=\"avia_inline_auto\" id=\"style-css-av-k42plmn2-c4fcab22b6f453b45689500fbd9adadd\">\n#top .av-special-heading.av-k42plmn2-c4fcab22b6f453b45689500fbd9adadd{\npadding-bottom:10px;\n}\nbody .av-special-heading.av-k42plmn2-c4fcab22b6f453b45689500fbd9adadd .av-special-heading-tag .heading-char{\nfont-size:25px;\n}\n.av-special-heading.av-k42plmn2-c4fcab22b6f453b45689500fbd9adadd .av-subheading{\nfont-size:15px;\n}\n<\/style>\n<div  class='av-special-heading av-k42plmn2-c4fcab22b6f453b45689500fbd9adadd av-special-heading-h2 blockquote modern-quote modern-centered  avia-builder-el-8  el_before_av_textblock  avia-builder-el-first'><h2 class='av-special-heading-tag'  itemprop=\"headline\"  >L'\u00e9tude n'est pas repr\u00e9sentative<\/h2><div class=\"special-heading-border\"><div class=\"special-heading-inner-border\"><\/div><\/div><\/div> <section  class='av_textblock_section av-jtb653a3-86f9cfa561a2a0ba8aa7861de2154c13'   itemscope=\"itemscope\" itemtype=\"https:\/\/schema.org\/BlogPosting\" ><div class='avia_textblock'  itemprop=\"text\" ><p> L'absence de preuves dans les \u00e9tudes de R\u00f6\u00f6sli s'explique peut-\u00eatre aussi par le fait que ce sont les entreprises de t\u00e9l\u00e9phonie mobile qui ont command\u00e9 cette \u00e9tude. L'\u00e9tude n'est pas repr\u00e9sentative, car les rayonnements n'ont \u00e9t\u00e9 test\u00e9s que sur des personnes expos\u00e9es \u00e0 court terme. Des \u00e9tudes \u00e0 long terme doivent \u00eatre men\u00e9es dans l'environnement de tous les rayonnements qui circulent aujourd'hui dans l'espace. Mais ce qu'il y a \u00e0 redire, c'est que ces \u00e9tudes ne sont pas concluantes : Un seul type de rayonnement est \u00e9tudi\u00e9 \u00e0 la fois. Or, l'homme vit dans un champ d'\u00e9lectrons plus ou moins li\u00e9. Il n'est pas possible d'\u00e9tudier une seule fr\u00e9quence de ce champ de vie global, car nous vivons entour\u00e9s et clairement travers\u00e9s par l'ensemble du spectre \u00e9lectromagn\u00e9tique dans tous les domaines de la vie. Les 40 ann\u00e9es de travail de l'IBES dans le domaine de l'\u00e9lectrobiologie montrent qu'un champ n'est jamais le seul \u00e0 nuire \u00e0 la sant\u00e9 et au bien-\u00eatre. Les interactions, les modulations et les flux de courant dans le corps en sont \u00e9galement responsables ! C'est pourquoi il ne faut jamais \u00e9tudier un seul type de rayonnement. Cet aspect est cependant n\u00e9glig\u00e9 par les chercheurs, consciemment ou non. M\u00eame Monsieur R\u00f6\u00f6sli range les ph\u00e9nom\u00e8nes non reconnus dans la case psychologie et \u00e9sot\u00e9risme et ne poursuit pas ses recherches. Il est pourtant clair que les personnes expos\u00e9es \u00e0 des interactions de diff\u00e9rentes fr\u00e9quences peuvent \u00eatre nettement affect\u00e9es dans leur sant\u00e9. Cette atteinte r\u00e9sulte clairement d'un couplage avec des courants de compensation vagabonds entre des capacit\u00e9s et\/ou des rayonnements parasites, \u00e9galement inductifs. Et ce, sur les voies de la communication cellulaire des circuits de r\u00e9gulation biologiques r\u00e9gl\u00e9s par voie \u00e9lectrochimique. Il est bon de savoir que l'homme et l'animal sont clairement r\u00e9gul\u00e9s par l'\u00e9lectrochimie. C'est la seule raison pour laquelle il est possible de pr\u00e9lever des signaux au niveau du cerveau et partout dans le corps pour les transmettre au PC \u00e0 des fins de diagnostic. <\/p>\n<\/div><\/section> <\/p><\/div>\n<style type=\"text\/css\" data-created_by=\"avia_inline_auto\" id=\"style-css-av-sktapo-2fc63bbee07ff1fa37952dac22bef60a\">\n.flex_column.av-sktapo-2fc63bbee07ff1fa37952dac22bef60a{\nborder-radius:0px 0px 0px 0px;\npadding:0px 0px 0px 0px;\n}\n<\/style>\n<div  class='flex_column av-sktapo-2fc63bbee07ff1fa37952dac22bef60a av_one_full  avia-builder-el-10  el_after_av_one_full  el_before_av_one_full  first flex_column_div av-zero-column-padding  column-top-margin'     ><p> \n<style type=\"text\/css\" data-created_by=\"avia_inline_auto\" id=\"style-css-av-k42q75el-fe80f32882c8e2be9ab6844931c87767\">\n#top .av-special-heading.av-k42q75el-fe80f32882c8e2be9ab6844931c87767{\npadding-bottom:10px;\n}\nbody .av-special-heading.av-k42q75el-fe80f32882c8e2be9ab6844931c87767 .av-special-heading-tag .heading-char{\nfont-size:25px;\n}\n.av-special-heading.av-k42q75el-fe80f32882c8e2be9ab6844931c87767 .av-subheading{\nfont-size:15px;\n}\n<\/style>\n<div  class='av-special-heading av-k42q75el-fe80f32882c8e2be9ab6844931c87767 av-special-heading-h2 blockquote modern-quote modern-centered  avia-builder-el-11  el_before_av_textblock  avia-builder-el-first'><h2 class='av-special-heading-tag'  itemprop=\"headline\"  >Qui est Martin R\u00f6\u00f6sli en r\u00e9alit\u00e9 ?<\/h2><div class=\"special-heading-border\"><div class=\"special-heading-inner-border\"><\/div><\/div><\/div> <section  class='av_textblock_section av-jtb653a3-86f9cfa561a2a0ba8aa7861de2154c13'   itemscope=\"itemscope\" itemtype=\"https:\/\/schema.org\/BlogPosting\" ><div class='avia_textblock'  itemprop=\"text\" ><p> A qui le Conseil f\u00e9d\u00e9ral fait-il r\u00e9ellement confiance ? Martin R\u00f6\u00f6sli a suivi une formation d'instituteur et a \u00e9tudi\u00e9 la technologie environnementale et les statistiques. Il a obtenu son doctorat dans le domaine de l'\u00e9pid\u00e9miologie. Il s'est ensuite sp\u00e9cialis\u00e9 dans les statistiques environnementales et dirige aujourd'hui ce d\u00e9partement \u00e0 l'Institut tropical de B\u00e2le. M. R\u00f6\u00f6sli travaille \u00e9galement pour la Fondation de recherche sur les t\u00e9l\u00e9communications mobiles et l'\u00e9lectricit\u00e9 (FSM), qui a \u00e9t\u00e9 fond\u00e9e et est financ\u00e9e par l'industrie. Pourquoi le Conseil f\u00e9d\u00e9ral s'en remet-il \u00e0 un expert qui n'a aucun dipl\u00f4me en m\u00e9decine, en biologie ou en physique ? <\/p>\n<\/div><\/section> <\/p><\/div>\n<style type=\"text\/css\" data-created_by=\"avia_inline_auto\" id=\"style-css-av-sktapo-2fc63bbee07ff1fa37952dac22bef60a\">\n.flex_column.av-sktapo-2fc63bbee07ff1fa37952dac22bef60a{\nborder-radius:0px 0px 0px 0px;\npadding:0px 0px 0px 0px;\n}\n<\/style>\n<div  class='flex_column av-sktapo-2fc63bbee07ff1fa37952dac22bef60a av_one_full  avia-builder-el-13  el_after_av_one_full  el_before_av_one_third  first flex_column_div av-zero-column-padding  column-top-margin'     ><p> \n<style type=\"text\/css\" data-created_by=\"avia_inline_auto\" id=\"style-css-av-k42q6md6-7ff2727bdf53f6e14b87aac3123c4c18\">\n#top .av-special-heading.av-k42q6md6-7ff2727bdf53f6e14b87aac3123c4c18{\npadding-bottom:10px;\n}\nbody .av-special-heading.av-k42q6md6-7ff2727bdf53f6e14b87aac3123c4c18 .av-special-heading-tag .heading-char{\nfont-size:25px;\n}\n.av-special-heading.av-k42q6md6-7ff2727bdf53f6e14b87aac3123c4c18 .av-subheading{\nfont-size:15px;\n}\n<\/style>\n<div  class='av-special-heading av-k42q6md6-7ff2727bdf53f6e14b87aac3123c4c18 av-special-heading-h2 blockquote modern-quote modern-centered  avia-builder-el-14  el_before_av_textblock  avia-builder-el-first'><h2 class='av-special-heading-tag'  itemprop=\"headline\"  >Effets de l'exposition aux rayonnements<\/h2><div class=\"special-heading-border\"><div class=\"special-heading-inner-border\"><\/div><\/div><\/div> <section  class='av_textblock_section av-jtb653a3-86f9cfa561a2a0ba8aa7861de2154c13'   itemscope=\"itemscope\" itemtype=\"https:\/\/schema.org\/BlogPosting\" ><div class='avia_textblock'  itemprop=\"text\" ><p> Il y a eu r\u00e9cemment de graves dommages g\u00e9n\u00e9tiques chez les nouveau-n\u00e9s. Il y a \u00e9galement des perturbations dans les \u00e9curies d'animaux connues de l'H\u00f4pital des animaux de Zurich (Dr. H\u00e4ssig). L'IBES soup\u00e7onne depuis longtemps que de tels changements g\u00e9n\u00e9tiques peuvent \u00eatre li\u00e9s aux nombreux spectres de fr\u00e9quence et types de modulation diff\u00e9renci\u00e9s dans les organismes.<\/p>\n<ul>\n<li>Le pr\u00e9sident de l'IBES, Josef Peter, est \u00e9lectricien dipl\u00f4m\u00e9 au niveau f\u00e9d\u00e9ral et a \u00e9t\u00e9 \u00e0 la pointe de la recherche sur l'\u00e9lectrosmog depuis ses d\u00e9buts. En principe, il est l'initiateur principal des travaux autour de <a href=\"\/fr\/?page_id=10759\">\u00c9lectromagn\u00e9tisme<\/a>qui se compose en partie de soi-disant \u00e9lectrobiologistes incomp\u00e9tents sans connaissance approfondie de l'\u00e9nergie et des b\u00e2timents.<\/li>\n<li>Josef Peter a initi\u00e9 la cr\u00e9ation du NISV f\u00e9d\u00e9ral avec le conseiller f\u00e9d\u00e9ral Leuenberger en 1998. Il existe certainement des protocoles \u00e0 Berne dans lesquels cela est d\u00e9crit. Nous serons heureux de r\u00e9pondre \u00e0 toute autre question. De m\u00eame, nous avons des personnes ayant des fonctions notables dans la soci\u00e9t\u00e9 qui sont disponibles \u00e0 tout moment comme r\u00e9f\u00e9rences.<\/li>\n<\/ul>\n<\/div><\/section> <\/p><\/div>\n<style type=\"text\/css\" data-created_by=\"avia_inline_auto\" id=\"style-css-av-z22xj0-d954908b7a56d6340bb4491337954cfc\">\n.flex_column.av-z22xj0-d954908b7a56d6340bb4491337954cfc{\nborder-radius:0px 0px 0px 0px;\npadding:0px 0px 0px 0px;\n}\n<\/style>\n<div  class='flex_column av-z22xj0-d954908b7a56d6340bb4491337954cfc av_one_third  avia-builder-el-16  el_after_av_one_full  el_before_av_one_third  first flex_column_div av-zero-column-padding  column-top-margin'     ><style type=\"text\/css\" data-created_by=\"avia_inline_auto\" id=\"style-css-av-jtb708jc-b303d47372a7f9d2c53473c97d3d9537\">\n.avia-image-container.av-jtb708jc-b303d47372a7f9d2c53473c97d3d9537 img.avia_image{\nbox-shadow:none;\n}\n.avia-image-container.av-jtb708jc-b303d47372a7f9d2c53473c97d3d9537 .av-image-caption-overlay-center{\ncolor:#ffffff;\n}\n<\/style>\n<div  class='avia-image-container av-jtb708jc-b303d47372a7f9d2c53473c97d3d9537 av-styling- avia-align-center  avia-builder-el-17  avia-builder-el-no-sibling'  ><div class=\"avia-image-container-inner\"><div class=\"avia-image-overlay-wrap\"><img decoding=\"async\" fetchpriority=\"high\" class='wp-image-14298 avia-img-lazy-loading-not-14298 avia_image' src=\"https:\/\/www.ibes.ch\/wp-content\/uploads\/2019\/12\/Mobiltelefon.jpg\" alt='Une femme tient un t\u00e9l\u00e9phone portable \u00e0 c\u00f4t\u00e9 d&#039;un ordinateur portable.' title='Une femme tient un t\u00e9l\u00e9phone portable \u00e0 c\u00f4t\u00e9 d&#039;un ordinateur portable.'  height=\"531\" width=\"800\"  itemprop=\"thumbnailUrl\" srcset=\"https:\/\/www.ibes.ch\/wp-content\/uploads\/2019\/12\/Mobiltelefon.jpg 800w, https:\/\/www.ibes.ch\/wp-content\/uploads\/2019\/12\/Mobiltelefon-600x398.jpg 600w, https:\/\/www.ibes.ch\/wp-content\/uploads\/2019\/12\/Mobiltelefon-300x199.jpg 300w, https:\/\/www.ibes.ch\/wp-content\/uploads\/2019\/12\/Mobiltelefon-768x510.jpg 768w, https:\/\/www.ibes.ch\/wp-content\/uploads\/2019\/12\/Mobiltelefon-705x468.jpg 705w\" sizes=\"(max-width: 800px) 100vw, 800px\" \/><\/div><\/div><\/div><\/div> \n<style type=\"text\/css\" data-created_by=\"avia_inline_auto\" id=\"style-css-av-z22xj0-f0e354cb7d020f9b805ce1d25fe184f4\">\n.flex_column.av-z22xj0-f0e354cb7d020f9b805ce1d25fe184f4{\nborder-radius:0px 0px 0px 0px;\npadding:0px 0px 0px 0px;\n}\n<\/style>\n<div  class='flex_column av-z22xj0-f0e354cb7d020f9b805ce1d25fe184f4 av_one_third  avia-builder-el-18  el_after_av_one_third  el_before_av_one_third  flex_column_div av-zero-column-padding  column-top-margin'     ><style type=\"text\/css\" data-created_by=\"avia_inline_auto\" id=\"style-css-av-jtb708jc-d4b546291f8260164ad02a9493b34de4\">\n.avia-image-container.av-jtb708jc-d4b546291f8260164ad02a9493b34de4 img.avia_image{\nbox-shadow:none;\n}\n.avia-image-container.av-jtb708jc-d4b546291f8260164ad02a9493b34de4 .av-image-caption-overlay-center{\ncolor:#ffffff;\n}\n<\/style>\n<div  class='avia-image-container av-jtb708jc-d4b546291f8260164ad02a9493b34de4 av-styling- avia-align-center  avia-builder-el-19  avia-builder-el-no-sibling'  ><div class=\"avia-image-container-inner\"><div class=\"avia-image-overlay-wrap\"><img decoding=\"async\" fetchpriority=\"high\" class='wp-image-14296 avia-img-lazy-loading-not-14296 avia_image' src=\"https:\/\/www.ibes.ch\/wp-content\/uploads\/2019\/12\/strahlenbelastung.jpg\" alt='Un homme tient sa t\u00eate dans sa main droite.' title='Un homme tient sa t\u00eate dans sa main droite.'  height=\"533\" width=\"800\"  itemprop=\"thumbnailUrl\" srcset=\"https:\/\/www.ibes.ch\/wp-content\/uploads\/2019\/12\/strahlenbelastung.jpg 800w, https:\/\/www.ibes.ch\/wp-content\/uploads\/2019\/12\/strahlenbelastung-600x400.jpg 600w, https:\/\/www.ibes.ch\/wp-content\/uploads\/2019\/12\/strahlenbelastung-300x200.jpg 300w, https:\/\/www.ibes.ch\/wp-content\/uploads\/2019\/12\/strahlenbelastung-768x512.jpg 768w, https:\/\/www.ibes.ch\/wp-content\/uploads\/2019\/12\/strahlenbelastung-705x470.jpg 705w\" sizes=\"(max-width: 800px) 100vw, 800px\" \/><\/div><\/div><\/div><\/div> \n<style type=\"text\/css\" data-created_by=\"avia_inline_auto\" id=\"style-css-av-z22xj0-f0e354cb7d020f9b805ce1d25fe184f4\">\n.flex_column.av-z22xj0-f0e354cb7d020f9b805ce1d25fe184f4{\nborder-radius:0px 0px 0px 0px;\npadding:0px 0px 0px 0px;\n}\n<\/style>\n<div  class='flex_column av-z22xj0-f0e354cb7d020f9b805ce1d25fe184f4 av_one_third  avia-builder-el-20  el_after_av_one_third  el_before_av_one_full  flex_column_div av-zero-column-padding  column-top-margin'     ><style type=\"text\/css\" data-created_by=\"avia_inline_auto\" id=\"style-css-av-jtb708jc-e000b3e7ab1a21dc6b4500bbfe6a1bbe\">\n.avia-image-container.av-jtb708jc-e000b3e7ab1a21dc6b4500bbfe6a1bbe img.avia_image{\nbox-shadow:none;\n}\n.avia-image-container.av-jtb708jc-e000b3e7ab1a21dc6b4500bbfe6a1bbe .av-image-caption-overlay-center{\ncolor:#ffffff;\n}\n<\/style>\n<div  class='avia-image-container av-jtb708jc-e000b3e7ab1a21dc6b4500bbfe6a1bbe av-styling- avia-align-center  avia-builder-el-21  avia-builder-el-no-sibling'  ><div class=\"avia-image-container-inner\"><div class=\"avia-image-overlay-wrap\"><img decoding=\"async\" fetchpriority=\"high\" class='wp-image-14300 avia-img-lazy-loading-not-14300 avia_image' src=\"https:\/\/www.ibes.ch\/wp-content\/uploads\/2019\/12\/Mobilfunkantenne.jpg\" alt='Un pyl\u00f4ne de t\u00e9l\u00e9phonie mobile se dessine en silhouette sur un ciel orange.' title='Un pyl\u00f4ne de t\u00e9l\u00e9phonie mobile se dessine en silhouette sur un ciel orange.'  height=\"533\" width=\"800\"  itemprop=\"thumbnailUrl\" srcset=\"https:\/\/www.ibes.ch\/wp-content\/uploads\/2019\/12\/Mobilfunkantenne.jpg 800w, https:\/\/www.ibes.ch\/wp-content\/uploads\/2019\/12\/Mobilfunkantenne-600x400.jpg 600w, https:\/\/www.ibes.ch\/wp-content\/uploads\/2019\/12\/Mobilfunkantenne-300x200.jpg 300w, https:\/\/www.ibes.ch\/wp-content\/uploads\/2019\/12\/Mobilfunkantenne-768x512.jpg 768w, https:\/\/www.ibes.ch\/wp-content\/uploads\/2019\/12\/Mobilfunkantenne-705x470.jpg 705w\" sizes=\"(max-width: 800px) 100vw, 800px\" \/><\/div><\/div><\/div><\/div> \n<style type=\"text\/css\" data-created_by=\"avia_inline_auto\" id=\"style-css-av-sktapo-2fc63bbee07ff1fa37952dac22bef60a\">\n.flex_column.av-sktapo-2fc63bbee07ff1fa37952dac22bef60a{\nborder-radius:0px 0px 0px 0px;\npadding:0px 0px 0px 0px;\n}\n<\/style>\n<div  class='flex_column av-sktapo-2fc63bbee07ff1fa37952dac22bef60a av_one_full  avia-builder-el-22  el_after_av_one_third  avia-builder-el-last  first flex_column_div av-zero-column-padding  column-top-margin'     ><section  class='av_textblock_section av-jtb653a3-86f9cfa561a2a0ba8aa7861de2154c13'   itemscope=\"itemscope\" itemtype=\"https:\/\/schema.org\/BlogPosting\" ><div class='avia_textblock'  itemprop=\"text\" ><div class=\"\">\n<div><em>Autres liens :<\/em><\/div>\n<div class=\"\"><a href=\"https:\/\/www.swisstph.ch\/de\/\">Swiss TPH (Institut Tropical et de Sant\u00e9 Publique Suisse)<\/a><\/div>\n<div><a href=\"https:\/\/www.emf.ethz.ch\/\">FSM (Fondation de recherche pour l'\u00e9lectricit\u00e9 et la communication mobile)<\/a><\/div>\n<\/div>\n<\/div><\/section><\/div><\/p>","protected":false},"excerpt":{"rendered":"","protected":false},"author":3,"featured_media":14292,"comment_status":"open","ping_status":"open","sticky":false,"template":"","format":"standard","meta":{"_acf_changed":false,"footnotes":""},"categories":[58],"tags":[],"class_list":["post-14287","post","type-post","status-publish","format-standard","has-post-thumbnail","hentry","category-news"],"acf":[],"yoast_head":"<!-- This site is optimized with the Yoast SEO plugin v27.5 - https:\/\/yoast.com\/product\/yoast-seo-wordpress\/ -->\n<title>Martin R\u00f6\u00f6sli relativiert konstant die Gefahren von Elektrosmog<\/title>\n<meta name=\"description\" content=\"Umweltepidemiologe Martin R\u00f6\u00f6sli tritt vermehrt in den Medien als Experte auf. Er wird immer wieder zu Elektrosmog-Themen interviewt und relativiert die Gefahren.\" \/>\n<meta name=\"robots\" content=\"index, follow, max-snippet:-1, max-image-preview:large, max-video-preview:-1\" \/>\n<link rel=\"canonical\" href=\"https:\/\/www.ibes.ch\/fr\/roesli-sert-les-entreprises-de-telephonie-mobile\/\" \/>\n<meta property=\"og:locale\" content=\"fr_FR\" \/>\n<meta property=\"og:type\" content=\"article\" \/>\n<meta property=\"og:title\" content=\"Martin R\u00f6\u00f6sli relativiert konstant die Gefahren von Elektrosmog\" \/>\n<meta property=\"og:description\" content=\"Umweltepidemiologe Martin R\u00f6\u00f6sli tritt vermehrt in den Medien als Experte auf. Er wird immer wieder zu Elektrosmog-Themen interviewt und relativiert die Gefahren.\" \/>\n<meta property=\"og:url\" content=\"https:\/\/www.ibes.ch\/fr\/roesli-sert-les-entreprises-de-telephonie-mobile\/\" \/>\n<meta property=\"og:site_name\" content=\"IBES\" \/>\n<meta property=\"article:published_time\" content=\"2019-12-12T10:19:49+00:00\" \/>\n<meta property=\"article:modified_time\" content=\"2023-08-11T07:49:14+00:00\" \/>\n<meta property=\"og:image\" content=\"https:\/\/www.ibes.ch\/wp-content\/uploads\/2019\/12\/martin_ro\u0308o\u0308sli.jpg\" \/>\n\t<meta property=\"og:image:width\" content=\"740\" \/>\n\t<meta property=\"og:image:height\" content=\"493\" \/>\n\t<meta property=\"og:image:type\" content=\"image\/jpeg\" \/>\n<meta name=\"author\" content=\"tgrether\" \/>\n<meta name=\"twitter:card\" content=\"summary_large_image\" \/>\n<meta name=\"twitter:label1\" content=\"\u00c9crit par\" \/>\n\t<meta name=\"twitter:data1\" content=\"tgrether\" \/>\n\t<meta name=\"twitter:label2\" content=\"Dur\u00e9e de lecture estim\u00e9e\" \/>\n\t<meta name=\"twitter:data2\" content=\"12 minutes\" \/>\n<script type=\"application\/ld+json\" class=\"yoast-schema-graph\">{\"@context\":\"https:\\\/\\\/schema.org\",\"@graph\":[{\"@type\":\"Article\",\"@id\":\"https:\\\/\\\/www.ibes.ch\\\/roesli-dient-mobilfunkfirmen\\\/#article\",\"isPartOf\":{\"@id\":\"https:\\\/\\\/www.ibes.ch\\\/roesli-dient-mobilfunkfirmen\\\/\"},\"author\":{\"name\":\"tgrether\",\"@id\":\"https:\\\/\\\/www.ibes.ch\\\/#\\\/schema\\\/person\\\/dcee37dd08059a9d95fc74ebcb19a905\"},\"headline\":\"R\u00f6\u00f6sli untersucht nur einzelne Strahlen\",\"datePublished\":\"2019-12-12T10:19:49+00:00\",\"dateModified\":\"2023-08-11T07:49:14+00:00\",\"mainEntityOfPage\":{\"@id\":\"https:\\\/\\\/www.ibes.ch\\\/roesli-dient-mobilfunkfirmen\\\/\"},\"wordCount\":1922,\"commentCount\":0,\"image\":{\"@id\":\"https:\\\/\\\/www.ibes.ch\\\/roesli-dient-mobilfunkfirmen\\\/#primaryimage\"},\"thumbnailUrl\":\"https:\\\/\\\/www.ibes.ch\\\/wp-content\\\/uploads\\\/2019\\\/12\\\/martin_ro\u0308o\u0308sli.jpg\",\"articleSection\":[\"News\"],\"inLanguage\":\"fr-FR\",\"potentialAction\":[{\"@type\":\"CommentAction\",\"name\":\"Comment\",\"target\":[\"https:\\\/\\\/www.ibes.ch\\\/roesli-dient-mobilfunkfirmen\\\/#respond\"]}]},{\"@type\":\"WebPage\",\"@id\":\"https:\\\/\\\/www.ibes.ch\\\/roesli-dient-mobilfunkfirmen\\\/\",\"url\":\"https:\\\/\\\/www.ibes.ch\\\/roesli-dient-mobilfunkfirmen\\\/\",\"name\":\"Martin R\u00f6\u00f6sli relativiert konstant die Gefahren von Elektrosmog\",\"isPartOf\":{\"@id\":\"https:\\\/\\\/www.ibes.ch\\\/#website\"},\"primaryImageOfPage\":{\"@id\":\"https:\\\/\\\/www.ibes.ch\\\/roesli-dient-mobilfunkfirmen\\\/#primaryimage\"},\"image\":{\"@id\":\"https:\\\/\\\/www.ibes.ch\\\/roesli-dient-mobilfunkfirmen\\\/#primaryimage\"},\"thumbnailUrl\":\"https:\\\/\\\/www.ibes.ch\\\/wp-content\\\/uploads\\\/2019\\\/12\\\/martin_ro\u0308o\u0308sli.jpg\",\"datePublished\":\"2019-12-12T10:19:49+00:00\",\"dateModified\":\"2023-08-11T07:49:14+00:00\",\"author\":{\"@id\":\"https:\\\/\\\/www.ibes.ch\\\/#\\\/schema\\\/person\\\/dcee37dd08059a9d95fc74ebcb19a905\"},\"description\":\"Umweltepidemiologe Martin R\u00f6\u00f6sli tritt vermehrt in den Medien als Experte auf. Er wird immer wieder zu Elektrosmog-Themen interviewt und relativiert die Gefahren.\",\"breadcrumb\":{\"@id\":\"https:\\\/\\\/www.ibes.ch\\\/roesli-dient-mobilfunkfirmen\\\/#breadcrumb\"},\"inLanguage\":\"fr-FR\",\"potentialAction\":[{\"@type\":\"ReadAction\",\"target\":[\"https:\\\/\\\/www.ibes.ch\\\/roesli-dient-mobilfunkfirmen\\\/\"]}]},{\"@type\":\"ImageObject\",\"inLanguage\":\"fr-FR\",\"@id\":\"https:\\\/\\\/www.ibes.ch\\\/roesli-dient-mobilfunkfirmen\\\/#primaryimage\",\"url\":\"https:\\\/\\\/www.ibes.ch\\\/wp-content\\\/uploads\\\/2019\\\/12\\\/martin_ro\u0308o\u0308sli.jpg\",\"contentUrl\":\"https:\\\/\\\/www.ibes.ch\\\/wp-content\\\/uploads\\\/2019\\\/12\\\/martin_ro\u0308o\u0308sli.jpg\",\"width\":740,\"height\":493,\"caption\":\"Martin R\u00f6\u00f6sli h\u00e4lt ein Handy vor einem H\u00f6rsaal zum Thema Elektrosmog.\"},{\"@type\":\"BreadcrumbList\",\"@id\":\"https:\\\/\\\/www.ibes.ch\\\/roesli-dient-mobilfunkfirmen\\\/#breadcrumb\",\"itemListElement\":[{\"@type\":\"ListItem\",\"position\":1,\"name\":\"Home\",\"item\":\"https:\\\/\\\/www.ibes.ch\\\/\"},{\"@type\":\"ListItem\",\"position\":2,\"name\":\"R\u00f6\u00f6sli untersucht nur einzelne Strahlen\"}]},{\"@type\":\"WebSite\",\"@id\":\"https:\\\/\\\/www.ibes.ch\\\/#website\",\"url\":\"https:\\\/\\\/www.ibes.ch\\\/\",\"name\":\"IBES\",\"description\":\"IBES - Ratgeber f\u00fcr Elektrosmog\",\"potentialAction\":[{\"@type\":\"SearchAction\",\"target\":{\"@type\":\"EntryPoint\",\"urlTemplate\":\"https:\\\/\\\/www.ibes.ch\\\/?s={search_term_string}\"},\"query-input\":{\"@type\":\"PropertyValueSpecification\",\"valueRequired\":true,\"valueName\":\"search_term_string\"}}],\"inLanguage\":\"fr-FR\"},{\"@type\":\"Person\",\"@id\":\"https:\\\/\\\/www.ibes.ch\\\/#\\\/schema\\\/person\\\/dcee37dd08059a9d95fc74ebcb19a905\",\"name\":\"tgrether\",\"url\":\"http:\\\/\\\/www.ibes.ch\\\/fr\\\/author\\\/tgrether\\\/\"}]}<\/script>\n<!-- \/ Yoast SEO plugin. -->","yoast_head_json":{"title":"Martin R\u00f6\u00f6sli relativise constamment les dangers de l'\u00e9lectrosmog","description":"L'\u00e9pid\u00e9miologiste environnemental Martin R\u00f6\u00f6sli appara\u00eet de plus en plus dans les m\u00e9dias en tant qu'expert. Il est interview\u00e9 \u00e0 plusieurs reprises sur des sujets li\u00e9s \u00e0 l'\u00e9lectrosmog et relativise les dangers.","robots":{"index":"index","follow":"follow","max-snippet":"max-snippet:-1","max-image-preview":"max-image-preview:large","max-video-preview":"max-video-preview:-1"},"canonical":"https:\/\/www.ibes.ch\/fr\/roesli-sert-les-entreprises-de-telephonie-mobile\/","og_locale":"fr_FR","og_type":"article","og_title":"Martin R\u00f6\u00f6sli relativiert konstant die Gefahren von Elektrosmog","og_description":"Umweltepidemiologe Martin R\u00f6\u00f6sli tritt vermehrt in den Medien als Experte auf. Er wird immer wieder zu Elektrosmog-Themen interviewt und relativiert die Gefahren.","og_url":"https:\/\/www.ibes.ch\/fr\/roesli-sert-les-entreprises-de-telephonie-mobile\/","og_site_name":"IBES","article_published_time":"2019-12-12T10:19:49+00:00","article_modified_time":"2023-08-11T07:49:14+00:00","og_image":[{"width":740,"height":493,"url":"https:\/\/www.ibes.ch\/wp-content\/uploads\/2019\/12\/martin_ro\u0308o\u0308sli.jpg","type":"image\/jpeg"}],"author":"tgrether","twitter_card":"summary_large_image","twitter_misc":{"\u00c9crit par":"tgrether","Dur\u00e9e de lecture estim\u00e9e":"12 minutes"},"schema":{"@context":"https:\/\/schema.org","@graph":[{"@type":"Article","@id":"https:\/\/www.ibes.ch\/roesli-dient-mobilfunkfirmen\/#article","isPartOf":{"@id":"https:\/\/www.ibes.ch\/roesli-dient-mobilfunkfirmen\/"},"author":{"name":"tgrether","@id":"https:\/\/www.ibes.ch\/#\/schema\/person\/dcee37dd08059a9d95fc74ebcb19a905"},"headline":"R\u00f6\u00f6sli untersucht nur einzelne Strahlen","datePublished":"2019-12-12T10:19:49+00:00","dateModified":"2023-08-11T07:49:14+00:00","mainEntityOfPage":{"@id":"https:\/\/www.ibes.ch\/roesli-dient-mobilfunkfirmen\/"},"wordCount":1922,"commentCount":0,"image":{"@id":"https:\/\/www.ibes.ch\/roesli-dient-mobilfunkfirmen\/#primaryimage"},"thumbnailUrl":"https:\/\/www.ibes.ch\/wp-content\/uploads\/2019\/12\/martin_ro\u0308o\u0308sli.jpg","articleSection":["News"],"inLanguage":"fr-FR","potentialAction":[{"@type":"CommentAction","name":"Comment","target":["https:\/\/www.ibes.ch\/roesli-dient-mobilfunkfirmen\/#respond"]}]},{"@type":"WebPage","@id":"https:\/\/www.ibes.ch\/roesli-dient-mobilfunkfirmen\/","url":"https:\/\/www.ibes.ch\/roesli-dient-mobilfunkfirmen\/","name":"Martin R\u00f6\u00f6sli relativise constamment les dangers de l'\u00e9lectrosmog","isPartOf":{"@id":"https:\/\/www.ibes.ch\/#website"},"primaryImageOfPage":{"@id":"https:\/\/www.ibes.ch\/roesli-dient-mobilfunkfirmen\/#primaryimage"},"image":{"@id":"https:\/\/www.ibes.ch\/roesli-dient-mobilfunkfirmen\/#primaryimage"},"thumbnailUrl":"https:\/\/www.ibes.ch\/wp-content\/uploads\/2019\/12\/martin_ro\u0308o\u0308sli.jpg","datePublished":"2019-12-12T10:19:49+00:00","dateModified":"2023-08-11T07:49:14+00:00","author":{"@id":"https:\/\/www.ibes.ch\/#\/schema\/person\/dcee37dd08059a9d95fc74ebcb19a905"},"description":"L'\u00e9pid\u00e9miologiste environnemental Martin R\u00f6\u00f6sli appara\u00eet de plus en plus dans les m\u00e9dias en tant qu'expert. Il est interview\u00e9 \u00e0 plusieurs reprises sur des sujets li\u00e9s \u00e0 l'\u00e9lectrosmog et relativise les dangers.","breadcrumb":{"@id":"https:\/\/www.ibes.ch\/roesli-dient-mobilfunkfirmen\/#breadcrumb"},"inLanguage":"fr-FR","potentialAction":[{"@type":"ReadAction","target":["https:\/\/www.ibes.ch\/roesli-dient-mobilfunkfirmen\/"]}]},{"@type":"ImageObject","inLanguage":"fr-FR","@id":"https:\/\/www.ibes.ch\/roesli-dient-mobilfunkfirmen\/#primaryimage","url":"https:\/\/www.ibes.ch\/wp-content\/uploads\/2019\/12\/martin_ro\u0308o\u0308sli.jpg","contentUrl":"https:\/\/www.ibes.ch\/wp-content\/uploads\/2019\/12\/martin_ro\u0308o\u0308sli.jpg","width":740,"height":493,"caption":"Martin R\u00f6\u00f6sli h\u00e4lt ein Handy vor einem H\u00f6rsaal zum Thema Elektrosmog."},{"@type":"BreadcrumbList","@id":"https:\/\/www.ibes.ch\/roesli-dient-mobilfunkfirmen\/#breadcrumb","itemListElement":[{"@type":"ListItem","position":1,"name":"Home","item":"https:\/\/www.ibes.ch\/"},{"@type":"ListItem","position":2,"name":"R\u00f6\u00f6sli untersucht nur einzelne Strahlen"}]},{"@type":"WebSite","@id":"https:\/\/www.ibes.ch\/#website","url":"https:\/\/www.ibes.ch\/","name":"IBES","description":"IBES - Guide de l'\u00e9lectrosmog","potentialAction":[{"@type":"SearchAction","target":{"@type":"EntryPoint","urlTemplate":"https:\/\/www.ibes.ch\/?s={search_term_string}"},"query-input":{"@type":"PropertyValueSpecification","valueRequired":true,"valueName":"search_term_string"}}],"inLanguage":"fr-FR"},{"@type":"Person","@id":"https:\/\/www.ibes.ch\/#\/schema\/person\/dcee37dd08059a9d95fc74ebcb19a905","name":"tgrether","url":"http:\/\/www.ibes.ch\/fr\/author\/tgrether\/"}]}},"_links":{"self":[{"href":"http:\/\/www.ibes.ch\/fr\/wp-json\/wp\/v2\/posts\/14287","targetHints":{"allow":["GET"]}}],"collection":[{"href":"http:\/\/www.ibes.ch\/fr\/wp-json\/wp\/v2\/posts"}],"about":[{"href":"http:\/\/www.ibes.ch\/fr\/wp-json\/wp\/v2\/types\/post"}],"author":[{"embeddable":true,"href":"http:\/\/www.ibes.ch\/fr\/wp-json\/wp\/v2\/users\/3"}],"replies":[{"embeddable":true,"href":"http:\/\/www.ibes.ch\/fr\/wp-json\/wp\/v2\/comments?post=14287"}],"version-history":[{"count":5,"href":"http:\/\/www.ibes.ch\/fr\/wp-json\/wp\/v2\/posts\/14287\/revisions"}],"predecessor-version":[{"id":18202,"href":"http:\/\/www.ibes.ch\/fr\/wp-json\/wp\/v2\/posts\/14287\/revisions\/18202"}],"wp:featuredmedia":[{"embeddable":true,"href":"http:\/\/www.ibes.ch\/fr\/wp-json\/wp\/v2\/media\/14292"}],"wp:attachment":[{"href":"http:\/\/www.ibes.ch\/fr\/wp-json\/wp\/v2\/media?parent=14287"}],"wp:term":[{"taxonomy":"category","embeddable":true,"href":"http:\/\/www.ibes.ch\/fr\/wp-json\/wp\/v2\/categories?post=14287"},{"taxonomy":"post_tag","embeddable":true,"href":"http:\/\/www.ibes.ch\/fr\/wp-json\/wp\/v2\/tags?post=14287"}],"curies":[{"name":"wp","href":"https:\/\/api.w.org\/{rel}","templated":true}]}}